{"id":232800,"date":"2022-01-27T16:36:20","date_gmt":"2022-01-27T15:36:20","guid":{"rendered":"https:\/\/zjarr.tv\/?p=232800"},"modified":"2022-01-27T16:36:20","modified_gmt":"2022-01-27T15:36:20","slug":"akuzohet-per-falsifikim-dokumentesh-anetari-i-kpa-perfundon-ne-spak","status":"publish","type":"post","link":"https:\/\/zjarr.tv\/en\/akuzohet-per-falsifikim-dokumentesh-anetari-i-kpa-perfundon-ne-spak\/","title":{"rendered":"Akuzohet p\u00ebr falsifikim dokumentesh, an\u00ebtari i KPA p\u00ebrfundon n\u00eb SPAK"},"content":{"rendered":"<p>Ardian Hajdari, an\u00ebtari i Kolegjit t\u00eb Posa\u00e7\u00ebm t\u00eb Apelimit (KPA) \u00ebsht\u00eb paraqitur sot n\u00eb Struktur\u00ebn e Posa\u00e7me Kund\u00ebr Korrupsionit dhe Krimit t\u00eb Organizuar (SPAK).<\/p>\n<p>M\u00ebsohet se vizita e Hajdarit n\u00eb SPAK ka lidhje me akuzat q\u00eb i jan\u00eb b\u00ebr\u00eb atij nga ish-koleg\u00ebt e shkarkuar nga vettingu.<\/p>\n<p>Ai \u00ebsht\u00eb kall\u00ebzuar penalisht n\u00eb qershor 2020 nga ish-magjistrat\u00ebt Antoneta Sevdari, Elsion Sadiku dhe Ervin Metalla p\u00ebr \u201cFalsifikimit\u201d t\u00eb dokumentave, me t\u00eb cil\u00ebt ka aplikuar p\u00ebr nj\u00eb pozicion n\u00eb institucionin e shkall\u00ebs s\u00eb dyt\u00eb t\u00eb Vetingut.<\/p>\n<p>Pritet q\u00eb Prokuroria Speciale t\u2019i komunikoj\u00eb Hajdarit akuz\u00ebn.<\/p>","protected":false},"excerpt":{"rendered":"<p>Ardian Hajdari, an\u00ebtari i Kolegjit t\u00eb Posa\u00e7\u00ebm t\u00eb Apelimit (KPA) \u00ebsht\u00eb paraqitur sot n\u00eb Struktur\u00ebn e Posa\u00e7me Kund\u00ebr Korrupsionit dhe Krimit t\u00eb Organizuar (SPAK). M\u00ebsohet se vizita e Hajdarit n\u00eb SPAK ka lidhje me akuzat q\u00eb i jan\u00eb b\u00ebr\u00eb atij nga ish-koleg\u00ebt e shkarkuar nga vettingu. Ai \u00ebsht\u00eb kall\u00ebzuar penalisht n\u00eb qershor 2020 nga ish-magjistrat\u00ebt [&hellip;]<\/p>\n","protected":false},"author":2030,"featured_media":232801,"comment_status":"closed","ping_status":"closed","sticky":false,"template":"","format":"standard","meta":{"footnotes":""},"categories":[241,5380,231],"tags":[],"class_list":{"0":"post-232800","1":"post","2":"type-post","3":"status-publish","4":"format-standard","5":"has-post-thumbnail","7":"category-aktualitet","8":"category-kryesore","9":"category-lajme"},"_links":{"self":[{"href":"https:\/\/zjarr.tv\/en\/wp-json\/wp\/v2\/posts\/232800","targetHints":{"allow":["GET"]}}],"collection":[{"href":"https:\/\/zjarr.tv\/en\/wp-json\/wp\/v2\/posts"}],"about":[{"href":"https:\/\/zjarr.tv\/en\/wp-json\/wp\/v2\/types\/post"}],"author":[{"embeddable":true,"href":"https:\/\/zjarr.tv\/en\/wp-json\/wp\/v2\/users\/2030"}],"replies":[{"embeddable":true,"href":"https:\/\/zjarr.tv\/en\/wp-json\/wp\/v2\/comments?post=232800"}],"version-history":[{"count":0,"href":"https:\/\/zjarr.tv\/en\/wp-json\/wp\/v2\/posts\/232800\/revisions"}],"wp:featuredmedia":[{"embeddable":true,"href":"https:\/\/zjarr.tv\/en\/wp-json\/wp\/v2\/media\/232801"}],"wp:attachment":[{"href":"https:\/\/zjarr.tv\/en\/wp-json\/wp\/v2\/media?parent=232800"}],"wp:term":[{"taxonomy":"category","embeddable":true,"href":"https:\/\/zjarr.tv\/en\/wp-json\/wp\/v2\/categories?post=232800"},{"taxonomy":"post_tag","embeddable":true,"href":"https:\/\/zjarr.tv\/en\/wp-json\/wp\/v2\/tags?post=232800"}],"curies":[{"name":"wp","href":"https:\/\/api.w.org\/{rel}","templated":true}]}}