{"id":232811,"date":"2022-01-27T16:59:01","date_gmt":"2022-01-27T15:59:01","guid":{"rendered":"https:\/\/zjarr.tv\/?p=232811"},"modified":"2022-01-27T16:59:01","modified_gmt":"2022-01-27T15:59:01","slug":"mendova-se-po-arrestohej-ndonje-minister-deputeti-i-pd-se-ironi-ne-kuvend-kur-pashe-furgonet-thashe-erdhi-momenti-por-ishin-per-banden-e-5-majit","status":"publish","type":"post","link":"https:\/\/zjarr.tv\/en\/mendova-se-po-arrestohej-ndonje-minister-deputeti-i-pd-se-ironi-ne-kuvend-kur-pashe-furgonet-thashe-erdhi-momenti-por-ishin-per-banden-e-5-majit\/","title":{"rendered":"\u201cMendova se po arrestohej ndonj\u00eb minist\u00ebr\u201d- Deputeti i PD-s\u00eb ironi n\u00eb Kuvend: Kur pash\u00eb furgon\u00ebt thash\u00eb erdhi momenti, por ishin p\u00ebr band\u00ebn e \u201c5 Majit\u201d"},"content":{"rendered":"<p>Deputeti i Partis\u00eb Demokratike, Dashnor Sula, ironizoi nga Foltorja e Kuvendit n\u00eb lidhje me pranin\u00eb e shtuar t\u00eb policis\u00eb n\u00eb dyert e Kuvendit m\u00ebngjesin e k\u00ebsaj t\u00eb enjteje, p\u00ebr shkak t\u00eb protest\u00ebs s\u00eb banor\u00ebve t\u00eb \u201c5 Majit\u201d.<\/p>\n<p>Sula u shpreh se p\u00ebr nj\u00eb moment mendoi se furgonat e policis\u00eb kishin ardhur p\u00ebr t\u00eb arrestuar ndonj\u00eb minist\u00ebr t\u00eb korruptuar, por q\u00eb rezultoi se ata kishin ardhur p\u00ebr shkak t\u00eb pranis\u00eb t\u00eb \u201cband\u00ebs\u201d s\u00eb \u201c5 Majit\u201d q\u00eb po iu prishen sht\u00ebpit\u00eb.<\/p>\n<p>N\u00eb vazhdim t\u00eb fjal\u00ebs s\u00eb tij, deputeti i PD-s\u00eb theksoi se shp\u00ebtimi i k\u00ebtij vendi mund t\u00eb vij\u00eb vet\u00ebm kur t\u00eb vendosen para drejt\u00ebsis\u00eb politikan\u00ebt e korruptuar.<\/p>\n<p>\u201cKur erdha n\u00eb m\u00ebngjes k\u00ebtu pash\u00eb nj\u00eb varg me furgona t\u00eb policis\u00eb dhe i b\u00ebra nj\u00eb foto. Mendova se ka ardhur momenti q\u00eb do arrestohet ndonj\u00eb minist\u00ebr, ish-minist\u00ebr apo ndonj\u00eb deputet i korruptuar. Por ata kishin ardhur sepse k\u00ebtu kishte mb\u00ebrritur banda e 5 Majit q\u00eb po iu prishen banesat. Si nga e majta dhe nga e djathta ka njer\u00ebz shum\u00eb t\u00eb nderuar, edhe ndonj\u00eb minist\u00ebr me integritet \u00ebsht\u00eb dhe nuk dua t\u00eb b\u00ebj diversion, por ka njer\u00ebz k\u00ebtu q\u00eb me paga shteti kan\u00eb b\u00ebr\u00eb pasuri p\u00ebrrallore. E vetmja rrug\u00eb shp\u00ebtimi p\u00ebr k\u00ebt\u00eb vend nuk \u00ebsht\u00eb zgjidhja p\u00ebrmes vot\u00ebs. Rama i di t\u00eb gjitha m\u00ebnyrat p\u00ebr ti fituar zgjedhjet. E vetmja rrug\u00eb p\u00ebr t\u00eb shp\u00ebtuar k\u00ebt\u00eb vend \u00ebhst\u00eb t\u00eb vihen para drejt\u00ebsis\u00eb ministrat e zyrtar\u00ebt q\u00eb abuzojn\u00eb. Ky do jet\u00eb shp\u00ebtimi jon\u00eb\u201d.<\/p>\n<p><img loading=\"lazy\" decoding=\"async\" class=\"alignnone size-medium wp-image-232812\" src=\"https:\/\/zjarr.tv\/wp-content\/uploads\/2022\/01\/banda-5-mjit-300x180.jpg\" alt=\"\" width=\"300\" height=\"180\" srcset=\"https:\/\/zjarr.tv\/wp-content\/uploads\/2022\/01\/banda-5-mjit-300x180.jpg 300w, https:\/\/zjarr.tv\/wp-content\/uploads\/2022\/01\/banda-5-mjit-1024x614.jpg 1024w, https:\/\/zjarr.tv\/wp-content\/uploads\/2022\/01\/banda-5-mjit-768x460.jpg 768w, https:\/\/zjarr.tv\/wp-content\/uploads\/2022\/01\/banda-5-mjit-696x417.jpg 696w, https:\/\/zjarr.tv\/wp-content\/uploads\/2022\/01\/banda-5-mjit-701x420.jpg 701w, https:\/\/zjarr.tv\/wp-content\/uploads\/2022\/01\/banda-5-mjit.jpg 1063w\" sizes=\"auto, (max-width: 300px) 100vw, 300px\" \/><img loading=\"lazy\" decoding=\"async\" class=\"alignnone size-medium wp-image-232813\" src=\"https:\/\/zjarr.tv\/wp-content\/uploads\/2022\/01\/qeveria-borxhit-300x162.jpg\" alt=\"\" width=\"300\" height=\"162\" srcset=\"https:\/\/zjarr.tv\/wp-content\/uploads\/2022\/01\/qeveria-borxhit-300x162.jpg 300w, https:\/\/zjarr.tv\/wp-content\/uploads\/2022\/01\/qeveria-borxhit-1024x553.jpg 1024w, https:\/\/zjarr.tv\/wp-content\/uploads\/2022\/01\/qeveria-borxhit-768x414.jpg 768w, https:\/\/zjarr.tv\/wp-content\/uploads\/2022\/01\/qeveria-borxhit-696x376.jpg 696w, https:\/\/zjarr.tv\/wp-content\/uploads\/2022\/01\/qeveria-borxhit-1068x580.jpg 1068w, https:\/\/zjarr.tv\/wp-content\/uploads\/2022\/01\/qeveria-borxhit-778x420.jpg 778w, https:\/\/zjarr.tv\/wp-content\/uploads\/2022\/01\/qeveria-borxhit.jpg 1134w\" sizes=\"auto, (max-width: 300px) 100vw, 300px\" \/><\/p>","protected":false},"excerpt":{"rendered":"<p>Deputeti i Partis\u00eb Demokratike, Dashnor Sula, ironizoi nga Foltorja e Kuvendit n\u00eb lidhje me pranin\u00eb e shtuar t\u00eb policis\u00eb n\u00eb dyert e Kuvendit m\u00ebngjesin e k\u00ebsaj t\u00eb enjteje, p\u00ebr shkak t\u00eb protest\u00ebs s\u00eb banor\u00ebve t\u00eb \u201c5 Majit\u201d. Sula u shpreh se p\u00ebr nj\u00eb moment mendoi se furgonat e policis\u00eb kishin ardhur p\u00ebr t\u00eb arrestuar ndonj\u00eb [&hellip;]<\/p>\n","protected":false},"author":2030,"featured_media":232814,"comment_status":"closed","ping_status":"closed","sticky":false,"template":"","format":"standard","meta":{"footnotes":""},"categories":[241,3366,5380,231,1454],"tags":[],"class_list":{"0":"post-232811","1":"post","2":"type-post","3":"status-publish","4":"format-standard","5":"has-post-thumbnail","7":"category-aktualitet","8":"category-koment","9":"category-kryesore","10":"category-lajme","11":"category-politike"},"_links":{"self":[{"href":"https:\/\/zjarr.tv\/en\/wp-json\/wp\/v2\/posts\/232811","targetHints":{"allow":["GET"]}}],"collection":[{"href":"https:\/\/zjarr.tv\/en\/wp-json\/wp\/v2\/posts"}],"about":[{"href":"https:\/\/zjarr.tv\/en\/wp-json\/wp\/v2\/types\/post"}],"author":[{"embeddable":true,"href":"https:\/\/zjarr.tv\/en\/wp-json\/wp\/v2\/users\/2030"}],"replies":[{"embeddable":true,"href":"https:\/\/zjarr.tv\/en\/wp-json\/wp\/v2\/comments?post=232811"}],"version-history":[{"count":0,"href":"https:\/\/zjarr.tv\/en\/wp-json\/wp\/v2\/posts\/232811\/revisions"}],"wp:featuredmedia":[{"embeddable":true,"href":"https:\/\/zjarr.tv\/en\/wp-json\/wp\/v2\/media\/232814"}],"wp:attachment":[{"href":"https:\/\/zjarr.tv\/en\/wp-json\/wp\/v2\/media?parent=232811"}],"wp:term":[{"taxonomy":"category","embeddable":true,"href":"https:\/\/zjarr.tv\/en\/wp-json\/wp\/v2\/categories?post=232811"},{"taxonomy":"post_tag","embeddable":true,"href":"https:\/\/zjarr.tv\/en\/wp-json\/wp\/v2\/tags?post=232811"}],"curies":[{"name":"wp","href":"https:\/\/api.w.org\/{rel}","templated":true}]}}