{"id":232817,"date":"2022-01-27T17:22:36","date_gmt":"2022-01-27T16:22:36","guid":{"rendered":"https:\/\/zjarr.tv\/?p=232817"},"modified":"2022-01-27T17:22:36","modified_gmt":"2022-01-27T16:22:36","slug":"te-degjosh-ketu-elisen-qe-te-jep-mend-tabaku-perplaset-me-ministren","status":"publish","type":"post","link":"https:\/\/zjarr.tv\/en\/te-degjosh-ketu-elisen-qe-te-jep-mend-tabaku-perplaset-me-ministren\/","title":{"rendered":"\u201cT\u00eb d\u00ebgjosh k\u00ebtu Elis\u00ebn q\u00eb t\u00eb jep mend\u201d\/ Tabaku \u201cp\u00ebrplaset\u201d me ministren"},"content":{"rendered":"<p>Deputetja e PD Jorida Tabaku \u00ebsht\u00eb \u201cp\u00ebrplasur\u201d sot n\u00eb Kuvend me ministren Elisa Spiropali.<\/p>\n<p>\u201cP\u00ebrplasja\u201d ka ardhur pas deklaratave t\u00eb Spiropalit p\u00ebr situat\u00ebn e brendshme n\u00eb PD.<\/p>\n<p>Tabaku \u00ebsht\u00eb kund\u00ebrp\u00ebrgjigjur duke th\u00ebn\u00eb se n\u00eb PD ka debat dhe zgjedhje, nd\u00ebrsa n\u00eb kampin tjet\u00ebr kan\u00eb 15 vite q\u00eb nuk votojn\u00eb kryetarin e partis\u00eb.<\/p>\n<p>\u201cNuk dua ti diskutoj problemet e brendshme t\u00eb Partis\u00eb Demokratike, por t\u00eb d\u00ebgjosh k\u00ebtu Elis\u00ebn q\u00eb t\u00eb jep mend, nuk mund t\u00eb rrija pa folur. Ka nj\u00eb debat n\u00eb PD, ka mendime ndryshe, por me kok\u00eb ulur t\u00eb gjith\u00eb si ju nuk jan\u00eb. T\u00eb gjith\u00eb rresht me nj\u00eb kryetar q\u00eb keni 15 vite q\u00eb nuk e votoni. Dhe flet k\u00ebtu p\u00ebr ligje imagjinare\u201d, \u00ebsht\u00eb kund\u00ebrp\u00ebrgjigjur Tabaku.<\/p>\n<p>Ajo ka vijuar m\u00eb tej me akuzat, duke th\u00ebn\u00eb se \u00ebsht\u00eb kthyer Shqip\u00ebria n\u00eb lavatri\u00e7en e pastrimit t\u00eb parave.<\/p>\n<p>\u201cSot po nd\u00ebrtojn\u00eb nd\u00ebrtesa miliarda me zero kapital. E fut\u00ebn Shqip\u00ebrin\u00eb n\u00eb list\u00ebn e trafikimit t\u00eb drog\u00ebrave. Ligji i dal\u00eb dje, raporti i dal\u00eb dje i TI tregoi situat\u00ebn reale q\u00eb ne e kemi th\u00ebn\u00eb \u00e7do vit. Vijn\u00eb k\u00ebtu dhe krekosen.<\/p>\n<p>Sot banor\u00ebt e 5 majit po protestojn\u00eb se do t\u00eb prishen sht\u00ebpit\u00eb e tyre dhe do nd\u00ebrtohen p\u00ebr rind\u00ebrtimin e tij. Ato jan\u00eb banesa shtet\u00ebrore dhe jo qytetar\u00ebsh. Kjo \u00ebsht\u00eb qeveria e Edi Ram\u00ebs. Jam lodhur duke i p\u00ebrs\u00ebritur k\u00ebto raportet nd\u00ebrkomb\u00ebtare. Po t\u00eb mburresh k\u00ebtu me rezultatet e 25 prillit se ke blere vota, ke p\u00ebrdorur patronazhist\u00ebt, se ke nxjerr\u00eb t\u00eb dh\u00ebnat personale, un\u00eb nuk e di si mund t\u00eb krenohesh\u201d, \u00ebsht\u00eb shprehur Tabaku.<\/p>","protected":false},"excerpt":{"rendered":"<p>Deputetja e PD Jorida Tabaku \u00ebsht\u00eb \u201cp\u00ebrplasur\u201d sot n\u00eb Kuvend me ministren Elisa Spiropali. \u201cP\u00ebrplasja\u201d ka ardhur pas deklaratave t\u00eb Spiropalit p\u00ebr situat\u00ebn e brendshme n\u00eb PD. Tabaku \u00ebsht\u00eb kund\u00ebrp\u00ebrgjigjur duke th\u00ebn\u00eb se n\u00eb PD ka debat dhe zgjedhje, nd\u00ebrsa n\u00eb kampin tjet\u00ebr kan\u00eb 15 vite q\u00eb nuk votojn\u00eb kryetarin e partis\u00eb. \u201cNuk dua ti [&hellip;]<\/p>\n","protected":false},"author":2030,"featured_media":232818,"comment_status":"closed","ping_status":"closed","sticky":false,"template":"","format":"standard","meta":{"footnotes":""},"categories":[241,3366,231,1454],"tags":[],"class_list":{"0":"post-232817","1":"post","2":"type-post","3":"status-publish","4":"format-standard","5":"has-post-thumbnail","7":"category-aktualitet","8":"category-koment","9":"category-lajme","10":"category-politike"},"_links":{"self":[{"href":"https:\/\/zjarr.tv\/en\/wp-json\/wp\/v2\/posts\/232817","targetHints":{"allow":["GET"]}}],"collection":[{"href":"https:\/\/zjarr.tv\/en\/wp-json\/wp\/v2\/posts"}],"about":[{"href":"https:\/\/zjarr.tv\/en\/wp-json\/wp\/v2\/types\/post"}],"author":[{"embeddable":true,"href":"https:\/\/zjarr.tv\/en\/wp-json\/wp\/v2\/users\/2030"}],"replies":[{"embeddable":true,"href":"https:\/\/zjarr.tv\/en\/wp-json\/wp\/v2\/comments?post=232817"}],"version-history":[{"count":0,"href":"https:\/\/zjarr.tv\/en\/wp-json\/wp\/v2\/posts\/232817\/revisions"}],"wp:featuredmedia":[{"embeddable":true,"href":"https:\/\/zjarr.tv\/en\/wp-json\/wp\/v2\/media\/232818"}],"wp:attachment":[{"href":"https:\/\/zjarr.tv\/en\/wp-json\/wp\/v2\/media?parent=232817"}],"wp:term":[{"taxonomy":"category","embeddable":true,"href":"https:\/\/zjarr.tv\/en\/wp-json\/wp\/v2\/categories?post=232817"},{"taxonomy":"post_tag","embeddable":true,"href":"https:\/\/zjarr.tv\/en\/wp-json\/wp\/v2\/tags?post=232817"}],"curies":[{"name":"wp","href":"https:\/\/api.w.org\/{rel}","templated":true}]}}