{"id":232821,"date":"2022-01-27T17:28:35","date_gmt":"2022-01-27T16:28:35","guid":{"rendered":"https:\/\/zjarr.tv\/?p=232821"},"modified":"2022-01-27T17:28:35","modified_gmt":"2022-01-27T16:28:35","slug":"alibeaj-demaskon-flamur-noken-flet-me-ulsi-manjen-ja-cfare-i-kerkoi-nikolles-per-berishen","status":"publish","type":"post","link":"https:\/\/zjarr.tv\/en\/alibeaj-demaskon-flamur-noken-flet-me-ulsi-manjen-ja-cfare-i-kerkoi-nikolles-per-berishen\/","title":{"rendered":"Alibeaj \u201cdemaskon\u201d Flamur Nok\u00ebn: Flet me Ulsi Manj\u00ebn, ja \u00e7far\u00eb i k\u00ebrkoi Nikoll\u00ebs p\u00ebr Berish\u00ebn"},"content":{"rendered":"<p>N\u00ebnkryetari i PD Enkelejd Alibeaj ka reaguar pas zbulimit t\u00eb mesazheve mes deputetit Flamur Noka dhe kryetares s\u00eb Kuvendit, Lindita Nikolla. Kamerat fiksuan celularin e Nok\u00ebs, i cili dukej se i k\u00ebrkonte kryeparlamentares q\u00eb t\u2019i jepte s\u00ebrish fjal\u00ebn Sali Berish\u00ebs p\u00ebr procedur\u00eb. Alibeaj thote se Noka po fliste me Ulsi Manj\u00ebn, t\u00eb cil\u00ebt sipas tij b\u00ebjn\u00eb pazare p\u00ebr t\u00eb luftuar PD.<\/p>\n<p>\u201cBerisha dhe Rama bashk\u00ebpunojn\u00eb ngusht\u00eb n\u00eb biznese dhe n\u00eb luft\u00ebn kund\u00ebr PD. E vetmja opozit\u00eb n\u00eb Shqip\u00ebri \u00ebsht\u00eb PD. Q\u00eb prej 9 shtatorit, Sali Berisha, p\u00ebr t\u00eb hequr v\u00ebmendjen nga non grata e tij p\u00ebr korrupsion, ka nisur nj\u00eb fushat\u00eb t\u00eb turpshme shpifjesh e mashtrimesh kund\u00ebr lidershpit t\u00eb PD.<\/p>\n<p>Nd\u00ebrsa hedh mashtrime nga m\u00eb ordineret, familjar\u00ebt dhe bashk\u00ebpun\u00ebtor\u00ebt e tij vazhdojn\u00eb t\u00eb pasurohen duke bashk\u00ebpunuar me Edi Ram\u00ebn dhe qeverin\u00eb e tij. Edi Ram\u00ebs i duhet nj\u00eb njeri si Sali Berisha, ish-kryeministri i vet\u00ebm n\u00eb Europ\u00eb i shpallur non grata p\u00ebr korrupsion, nj\u00eb njeri i izoluar nga SHBA dhe BE. Prandaj Rama i ka v\u00ebn\u00eb n\u00eb dispozicion gjith\u00eb makinerin\u00eb e propagand\u00ebs s\u00eb tij duke bashk\u00ebpunuar m\u00eb s\u00eb miri me t\u00eb, si\u00e7 ndodh dhe n\u00eb k\u00ebt\u00eb komunikim t\u00eb kapur nga mediat ku Flamur Noka bashk\u00ebrendon me Ulsi Manj\u00ebn dhe Lindita Nikollen.<\/p>\n<p>Nga nj\u00ebra an\u00eb ndajn\u00eb pazare dhe koordinojn\u00eb luft\u00ebn kund\u00ebr PD, nga ana tjet\u00ebr foltorexhinjte non-grata sulmojn\u00eb lidershipin e PD. Kushdo me sy n\u00eb ball\u00eb e mend n\u00eb kok\u00eb e kupton tashm\u00eb se n\u00eb Shqip\u00ebri ka vet\u00ebm nj\u00eb opozit\u00eb, q\u00eb \u00ebsht\u00eb PD. Rama dhe Berisha jan\u00eb nj\u00ebsoj. Zgjidh Ram\u00ebn dhe merr edhe Berish\u00ebn. Zgjidh Berish\u00ebn dhe merr Ram\u00ebn\u201d, u shpreh Alibeaj.<\/p>\n<p><img loading=\"lazy\" decoding=\"async\" class=\"alignnone size-medium wp-image-232823\" src=\"https:\/\/zjarr.tv\/wp-content\/uploads\/2022\/01\/noka-mesazhet-1-736x1024-1-216x300.png\" alt=\"\" width=\"216\" height=\"300\" srcset=\"https:\/\/zjarr.tv\/wp-content\/uploads\/2022\/01\/noka-mesazhet-1-736x1024-1-216x300.png 216w, https:\/\/zjarr.tv\/wp-content\/uploads\/2022\/01\/noka-mesazhet-1-736x1024-1-696x968.png 696w, https:\/\/zjarr.tv\/wp-content\/uploads\/2022\/01\/noka-mesazhet-1-736x1024-1-302x420.png 302w, https:\/\/zjarr.tv\/wp-content\/uploads\/2022\/01\/noka-mesazhet-1-736x1024-1.png 736w\" sizes=\"auto, (max-width: 216px) 100vw, 216px\" \/> <img loading=\"lazy\" decoding=\"async\" class=\"alignnone size-medium wp-image-232824\" src=\"https:\/\/zjarr.tv\/wp-content\/uploads\/2022\/01\/noka-mesazhet-300x200.png\" alt=\"\" width=\"300\" height=\"200\" srcset=\"https:\/\/zjarr.tv\/wp-content\/uploads\/2022\/01\/noka-mesazhet-300x200.png 300w, https:\/\/zjarr.tv\/wp-content\/uploads\/2022\/01\/noka-mesazhet-768x512.png 768w, https:\/\/zjarr.tv\/wp-content\/uploads\/2022\/01\/noka-mesazhet-696x464.png 696w, https:\/\/zjarr.tv\/wp-content\/uploads\/2022\/01\/noka-mesazhet-630x420.png 630w, https:\/\/zjarr.tv\/wp-content\/uploads\/2022\/01\/noka-mesazhet.png 780w\" sizes=\"auto, (max-width: 300px) 100vw, 300px\" \/><\/p>","protected":false},"excerpt":{"rendered":"<p>N\u00ebnkryetari i PD Enkelejd Alibeaj ka reaguar pas zbulimit t\u00eb mesazheve mes deputetit Flamur Noka dhe kryetares s\u00eb Kuvendit, Lindita Nikolla. Kamerat fiksuan celularin e Nok\u00ebs, i cili dukej se i k\u00ebrkonte kryeparlamentares q\u00eb t\u2019i jepte s\u00ebrish fjal\u00ebn Sali Berish\u00ebs p\u00ebr procedur\u00eb. Alibeaj thote se Noka po fliste me Ulsi Manj\u00ebn, t\u00eb cil\u00ebt sipas tij [&hellip;]<\/p>\n","protected":false},"author":2030,"featured_media":232822,"comment_status":"closed","ping_status":"closed","sticky":false,"template":"","format":"standard","meta":{"footnotes":""},"categories":[241,5380,231,1454],"tags":[],"class_list":{"0":"post-232821","1":"post","2":"type-post","3":"status-publish","4":"format-standard","5":"has-post-thumbnail","7":"category-aktualitet","8":"category-kryesore","9":"category-lajme","10":"category-politike"},"_links":{"self":[{"href":"https:\/\/zjarr.tv\/en\/wp-json\/wp\/v2\/posts\/232821","targetHints":{"allow":["GET"]}}],"collection":[{"href":"https:\/\/zjarr.tv\/en\/wp-json\/wp\/v2\/posts"}],"about":[{"href":"https:\/\/zjarr.tv\/en\/wp-json\/wp\/v2\/types\/post"}],"author":[{"embeddable":true,"href":"https:\/\/zjarr.tv\/en\/wp-json\/wp\/v2\/users\/2030"}],"replies":[{"embeddable":true,"href":"https:\/\/zjarr.tv\/en\/wp-json\/wp\/v2\/comments?post=232821"}],"version-history":[{"count":0,"href":"https:\/\/zjarr.tv\/en\/wp-json\/wp\/v2\/posts\/232821\/revisions"}],"wp:featuredmedia":[{"embeddable":true,"href":"https:\/\/zjarr.tv\/en\/wp-json\/wp\/v2\/media\/232822"}],"wp:attachment":[{"href":"https:\/\/zjarr.tv\/en\/wp-json\/wp\/v2\/media?parent=232821"}],"wp:term":[{"taxonomy":"category","embeddable":true,"href":"https:\/\/zjarr.tv\/en\/wp-json\/wp\/v2\/categories?post=232821"},{"taxonomy":"post_tag","embeddable":true,"href":"https:\/\/zjarr.tv\/en\/wp-json\/wp\/v2\/tags?post=232821"}],"curies":[{"name":"wp","href":"https:\/\/api.w.org\/{rel}","templated":true}]}}