{"id":232827,"date":"2022-01-27T17:49:35","date_gmt":"2022-01-27T16:49:35","guid":{"rendered":"https:\/\/zjarr.tv\/?p=232827"},"modified":"2022-01-27T17:49:35","modified_gmt":"2022-01-27T16:49:35","slug":"keni-ciceruar-kunder-meje-noka-i-pergjigjet-bashes-pas-akuzave-ju-sqaron-ulsi-manja","status":"publish","type":"post","link":"https:\/\/zjarr.tv\/en\/keni-ciceruar-kunder-meje-noka-i-pergjigjet-bashes-pas-akuzave-ju-sqaron-ulsi-manja\/","title":{"rendered":"\u201cKeni cic\u00ebruar kund\u00ebr meje\u201d\/ Noka i p\u00ebrgjigjet Bash\u00ebs pas akuzave: Ju sqaron Ulsi Manja"},"content":{"rendered":"<p>Deputeti Flamur Noka ka reguar pas daljes s\u00eb bisedave n\u00eb Whatsapp me kryetaren e Kuvendit Lindita Nikolla dhe ministrin e Drejt\u00ebsis\u00eb Ulsi Manja gjat\u00eb seanc\u00ebs s\u00eb sotme plenare.<\/p>\n<p>P\u00ebrmes nj\u00eb postimi n\u00eb Facebook, ai thot\u00eb se ka komunikuar me Nikoll\u00ebn q\u00eb t\u2019i jepej fjala Berish\u00ebs n\u00eb Kuvend. Nd\u00ebrsa n\u00eb lidhje me ministrin e drejt\u00ebsis\u00eb Ulsi Manja ai shprehet se duhet t\u00eb pyesin at\u00eb p\u00ebr bised\u00ebn duke hedhur posht\u00eb akuzat p\u00ebr pazare me socialist\u00ebt<\/p>\n<p>Postimi i plot\u00eb i Flamur Nok\u00ebs:<\/p>\n<p>Shoqata e Bravave sot nepermjes pengut te Kapllan Pallateve te 5 Majit paska ciceruar kunder meje. Une kurre nuk kam bere e as bej biseda per pallate te 5 Maji a tjeterkund, dhe as per para inceneratoresh sic ben kreu i shoqates me zevendesen e tij, apo media qe ju ben fushate atyre. Une kam komunikuar me Kryetaren e kuvendit qe ti jepet fjala ish Kryeministrit Berisha .Sms e tregon qarte. Ulsiun ta pyesin se pse kam komunikuar.<\/p>\n<p>Nuk kam bere pazare qe te me fus ne pune gruan sic i ka kerkuar pengu i pallateve te 5 Majit .Flamur Noka i ka kerkuar te rrij larg pazareve Rama-Brava ne Diber .Jua thote vete ai pse debatuam. Se kush ben pazare shqiptaret e kane pare ne 17 Maj,..Milionat dhe karriket e ministrave nga Edi Rama i kane marre vetem kllounet e shoqates Basha \u2013 Bardhi ndersa Flamur Noka bashke me gjithe demokratet e vertete kane marre burgjet e regjimit ,gazin lotsjelles dhe 6 pale zgjedhje te humbura si fature e pazareve Rama \u2013 Brava<\/p>\n<p>Ditet ne vazhdim do tregojne se pse deshtoi komisioni i inceratoreve e kush perfitoi e cfare ndodhi ne pazarin Rama-Brava.<\/p>","protected":false},"excerpt":{"rendered":"<p>Deputeti Flamur Noka ka reguar pas daljes s\u00eb bisedave n\u00eb Whatsapp me kryetaren e Kuvendit Lindita Nikolla dhe ministrin e Drejt\u00ebsis\u00eb Ulsi Manja gjat\u00eb seanc\u00ebs s\u00eb sotme plenare. P\u00ebrmes nj\u00eb postimi n\u00eb Facebook, ai thot\u00eb se ka komunikuar me Nikoll\u00ebn q\u00eb t\u2019i jepej fjala Berish\u00ebs n\u00eb Kuvend. Nd\u00ebrsa n\u00eb lidhje me ministrin e drejt\u00ebsis\u00eb Ulsi [&hellip;]<\/p>\n","protected":false},"author":2030,"featured_media":232828,"comment_status":"closed","ping_status":"closed","sticky":false,"template":"","format":"standard","meta":{"footnotes":""},"categories":[241,231,1454],"tags":[],"class_list":{"0":"post-232827","1":"post","2":"type-post","3":"status-publish","4":"format-standard","5":"has-post-thumbnail","7":"category-aktualitet","8":"category-lajme","9":"category-politike"},"_links":{"self":[{"href":"https:\/\/zjarr.tv\/en\/wp-json\/wp\/v2\/posts\/232827","targetHints":{"allow":["GET"]}}],"collection":[{"href":"https:\/\/zjarr.tv\/en\/wp-json\/wp\/v2\/posts"}],"about":[{"href":"https:\/\/zjarr.tv\/en\/wp-json\/wp\/v2\/types\/post"}],"author":[{"embeddable":true,"href":"https:\/\/zjarr.tv\/en\/wp-json\/wp\/v2\/users\/2030"}],"replies":[{"embeddable":true,"href":"https:\/\/zjarr.tv\/en\/wp-json\/wp\/v2\/comments?post=232827"}],"version-history":[{"count":0,"href":"https:\/\/zjarr.tv\/en\/wp-json\/wp\/v2\/posts\/232827\/revisions"}],"wp:featuredmedia":[{"embeddable":true,"href":"https:\/\/zjarr.tv\/en\/wp-json\/wp\/v2\/media\/232828"}],"wp:attachment":[{"href":"https:\/\/zjarr.tv\/en\/wp-json\/wp\/v2\/media?parent=232827"}],"wp:term":[{"taxonomy":"category","embeddable":true,"href":"https:\/\/zjarr.tv\/en\/wp-json\/wp\/v2\/categories?post=232827"},{"taxonomy":"post_tag","embeddable":true,"href":"https:\/\/zjarr.tv\/en\/wp-json\/wp\/v2\/tags?post=232827"}],"curies":[{"name":"wp","href":"https:\/\/api.w.org\/{rel}","templated":true}]}}