{"id":232831,"date":"2022-01-27T17:55:05","date_gmt":"2022-01-27T16:55:05","guid":{"rendered":"https:\/\/zjarr.tv\/?p=232831"},"modified":"2022-01-27T17:55:05","modified_gmt":"2022-01-27T16:55:05","slug":"filloi-blerja-e-votave-pd-durres-ujkun-qimen-e-nderron-por-zakonin-nuk-e-harron-partia-shtet-nisi-me-mekanizmat-e-saj-po-shperndahet-bonusi-i-qirase","status":"publish","type":"post","link":"https:\/\/zjarr.tv\/en\/filloi-blerja-e-votave-pd-durres-ujkun-qimen-e-nderron-por-zakonin-nuk-e-harron-partia-shtet-nisi-me-mekanizmat-e-saj-po-shperndahet-bonusi-i-qirase\/","title":{"rendered":"\u201cFilloi blerja e votave\u201d, PD Durr\u00ebs: Ujkun qimen e nd\u00ebrron, por zakonin nuk e harron! Partia-shtet nisi me mekanizmat e saj, po shp\u00ebrndahet bonusi i qiras\u00eb"},"content":{"rendered":"<p>Ende pa dal\u00eb emrat p\u00ebrfundimtar\u00eb t\u00eb kandidat\u00ebve q\u00eb do marrin pjes\u00eb n\u00eb zgjedhjet e 6 marsit, ka ardhur denoncimi i par\u00eb nga Partia Demokratike p\u00ebr blerjen e vot\u00ebs.<\/p>\n<p>Partia Demokratike dega Durr\u00ebs ka denoncuar dit\u00ebn e sotme se pavar\u00ebsisht rrethanave dhe raportit t\u00eb OSBE\/ODIHR p\u00ebr masakr\u00ebn zgjedhore t\u00eb 25 prillit, p\u00ebrs\u00ebri Partia Socialiste ka nisur t\u00eb vjedh\u00eb votat p\u00ebr zgjedhjet e 6 marsit.<\/p>\n<p>Sipas tyre tani filluar ndarja e fondeve t\u00eb rind\u00ebrtimit, kur k\u00ebto familje kan\u00eb 2 vite q\u00eb jan\u00eb n\u00eb diell t\u00eb hapur dhe vet\u00ebm pak koh\u00eb para zgjedhjeve merret ky vendim.<\/p>\n<p>Denoncimi i plot\u00eb i PD:<\/p>\n<p>Partia Demokratike Dega Durr\u00ebs:<\/p>\n<p>Blerja e votave FILLOI! Ja pra, ujku qimen e nderron por zakonin nuk e harron. Vazhdon baterdia zgjedhore qe ne prag te shpalljes se dates se zgjedhjeve te pjeseshme lokale.<\/p>\n<p>Pavaresisht rrethanave, situatave dhe raportit te OSBE\/ODIHR per masakren zgjedhore te 25 Prillit, partia-shtet sapo nisi me mekanizmat e saj antikushtetuese per ndikim, tjetersim apo dhe vjedhjen e votes se qytetareve durrsake.<\/p>\n<p>Pse pikerisht tani levrohen fonde per rindertimin, ku ka familje qe prej me shume se 2 vitesh nuk marrin asgje e jane ne diell te hapur?! Pse bonusi i qerase, me 3 muaj prapambetje, nis te shperndahet pikerisht tani ne prag te zgjedhjeve? Qytetaret durrsake ndihen te vjedhur e te prere ne bese nga premtimet tuaja boshe por kurrsesi nuk mund t\u2019i fyeni inteligjencen asnjerit prej tyre. Shperblimi me qellim vjedhjen e votes denohet me ligj. Nuk do jete e larget dita kur kjo te ndodhe.<\/p>","protected":false},"excerpt":{"rendered":"<p>Ende pa dal\u00eb emrat p\u00ebrfundimtar\u00eb t\u00eb kandidat\u00ebve q\u00eb do marrin pjes\u00eb n\u00eb zgjedhjet e 6 marsit, ka ardhur denoncimi i par\u00eb nga Partia Demokratike p\u00ebr blerjen e vot\u00ebs. Partia Demokratike dega Durr\u00ebs ka denoncuar dit\u00ebn e sotme se pavar\u00ebsisht rrethanave dhe raportit t\u00eb OSBE\/ODIHR p\u00ebr masakr\u00ebn zgjedhore t\u00eb 25 prillit, p\u00ebrs\u00ebri Partia Socialiste ka nisur [&hellip;]<\/p>\n","protected":false},"author":2030,"featured_media":160172,"comment_status":"closed","ping_status":"closed","sticky":false,"template":"","format":"standard","meta":{"footnotes":""},"categories":[241,231,1454],"tags":[],"class_list":{"0":"post-232831","1":"post","2":"type-post","3":"status-publish","4":"format-standard","5":"has-post-thumbnail","7":"category-aktualitet","8":"category-lajme","9":"category-politike"},"_links":{"self":[{"href":"https:\/\/zjarr.tv\/en\/wp-json\/wp\/v2\/posts\/232831","targetHints":{"allow":["GET"]}}],"collection":[{"href":"https:\/\/zjarr.tv\/en\/wp-json\/wp\/v2\/posts"}],"about":[{"href":"https:\/\/zjarr.tv\/en\/wp-json\/wp\/v2\/types\/post"}],"author":[{"embeddable":true,"href":"https:\/\/zjarr.tv\/en\/wp-json\/wp\/v2\/users\/2030"}],"replies":[{"embeddable":true,"href":"https:\/\/zjarr.tv\/en\/wp-json\/wp\/v2\/comments?post=232831"}],"version-history":[{"count":0,"href":"https:\/\/zjarr.tv\/en\/wp-json\/wp\/v2\/posts\/232831\/revisions"}],"wp:featuredmedia":[{"embeddable":true,"href":"https:\/\/zjarr.tv\/en\/wp-json\/wp\/v2\/media\/160172"}],"wp:attachment":[{"href":"https:\/\/zjarr.tv\/en\/wp-json\/wp\/v2\/media?parent=232831"}],"wp:term":[{"taxonomy":"category","embeddable":true,"href":"https:\/\/zjarr.tv\/en\/wp-json\/wp\/v2\/categories?post=232831"},{"taxonomy":"post_tag","embeddable":true,"href":"https:\/\/zjarr.tv\/en\/wp-json\/wp\/v2\/tags?post=232831"}],"curies":[{"name":"wp","href":"https:\/\/api.w.org\/{rel}","templated":true}]}}