{"id":232839,"date":"2022-01-27T18:02:57","date_gmt":"2022-01-27T17:02:57","guid":{"rendered":"https:\/\/zjarr.tv\/?p=232839"},"modified":"2022-01-27T18:02:57","modified_gmt":"2022-01-27T17:02:57","slug":"sms-te-mes-nokes-dhe-ministrit-te-rames-ulsi-manja-i-drejtohet-alibeajt-nuk-eshte-faji-im-qe-e-keni-shpallur-kulak-smund-te-prishim-raportet-miqesore","status":"publish","type":"post","link":"https:\/\/zjarr.tv\/en\/sms-te-mes-nokes-dhe-ministrit-te-rames-ulsi-manja-i-drejtohet-alibeajt-nuk-eshte-faji-im-qe-e-keni-shpallur-kulak-smund-te-prishim-raportet-miqesore\/","title":{"rendered":"SMS-t\u00eb mes Nok\u00ebs dhe ministrit t\u00eb Ram\u00ebs\/ Ulsi Manja i drejtohet Alibeajt: Nuk \u00ebsht\u00eb faji im q\u00eb e keni shpallur kulak! S\u2019mund t\u00eb prishim raportet miq\u00ebsore"},"content":{"rendered":"<p>Ministri i Drejt\u00ebsis\u00eb Ulsi Manja ka reaguar pasi zbulimit t\u00eb SMS-ve q\u00eb shk\u00ebmbente n\u00eb \u201cWhtsApp\u201d me nj\u00eb nga mb\u00ebshtet\u00ebsit e Sali Berish\u00ebs, deputetin Flamur Noka.<\/p>\n<p>Duke iu drejtuar Alibeajt n\u00eb Kuvend, Manja tha se nuk mund t\u00eb prishen raportet njer\u00ebzve mes tij dhe Nok\u00ebs vet\u00ebm p\u00ebr faktin se ky i fundit \u00ebsht\u00eb shpallur \u201ckulak\u201d nga PD-ja zyrtare.<\/p>\n<p>\u201cZ.Alibeaj paska th\u00ebn\u00eb diku se paska zbuluar nj\u00eb komplot t\u00eb madh t\u00eb bashk\u00ebpunimit t\u00eb folotores me Ram\u00ebs. Po more zot\u00ebri, njer\u00ebz jemi, shqiptar\u00eb jemi, kam 10 vjet me Flamur Nok\u00ebn n\u00eb k\u00ebt\u00eb sall. Pse e keni shpallur ju kulak nuk \u00ebsht\u00eb faji im. Do flas me Flamurin, do flas edhe me ju, sepse ju n\u00eb nj\u00eb krah jeni.<\/p>\n<p>Po kur t\u00eb pajtoheni ju ne nuk mund t\u00eb prishim raportet njer\u00ebzore, shoq\u00ebrore dhe miq\u00ebsore sepse jemi njer\u00ebz mbi t\u00eb gjitha. Komplot i madh! Ram\u00ebs dje i thuhej q\u00eb opozita \u00ebsht\u00eb e bler\u00eb nga Rama. Nj\u00ebri thot\u00eb q\u00eb Rama \u00ebsht\u00eb me foltoren tjetri thot\u00eb Rama \u00ebsht\u00eb me k\u00ebt\u00eb tjetrin. Jo mor jo, Rama \u00ebsht\u00eb kryeminist\u00ebr i Shqip\u00ebris\u00eb i mandatuar i qytetar\u00ebt shqiptar\u00eb p\u00ebr nj\u00eb mandate t\u00eb tret\u00eb p\u00ebr t\u00eb bashk\u00ebqeverisur me shqiptar\u00ebt\u201d, tha Manja.<\/p>\n<p>Sjellim n\u00eb v\u00ebmendje q\u00eb paparac\u00ebt e pranish\u00ebm n\u00eb Kuvend kan\u00eb fotografuar celularin e Flamur Nok\u00ebs, ku mes mesazheve bie n\u00eb sy komunikimi me njer\u00ebzit m\u00eb t\u00eb aft\u00ebrt t\u00eb Edi Ram\u00ebs. N\u00eb rubrik\u00ebn e mesazheve shihet komunikimi i Nok\u00ebs me Ulsi Manj\u00ebn, si dhe emoji-t e shk\u00ebmbyer me kryetaren e Kuvendit, Lindita Nikolla.<\/p>","protected":false},"excerpt":{"rendered":"<p>Ministri i Drejt\u00ebsis\u00eb Ulsi Manja ka reaguar pasi zbulimit t\u00eb SMS-ve q\u00eb shk\u00ebmbente n\u00eb \u201cWhtsApp\u201d me nj\u00eb nga mb\u00ebshtet\u00ebsit e Sali Berish\u00ebs, deputetin Flamur Noka. Duke iu drejtuar Alibeajt n\u00eb Kuvend, Manja tha se nuk mund t\u00eb prishen raportet njer\u00ebzve mes tij dhe Nok\u00ebs vet\u00ebm p\u00ebr faktin se ky i fundit \u00ebsht\u00eb shpallur \u201ckulak\u201d nga [&hellip;]<\/p>\n","protected":false},"author":2030,"featured_media":232840,"comment_status":"closed","ping_status":"closed","sticky":false,"template":"","format":"standard","meta":{"footnotes":""},"categories":[241,3366,231,1454],"tags":[],"class_list":{"0":"post-232839","1":"post","2":"type-post","3":"status-publish","4":"format-standard","5":"has-post-thumbnail","7":"category-aktualitet","8":"category-koment","9":"category-lajme","10":"category-politike"},"_links":{"self":[{"href":"https:\/\/zjarr.tv\/en\/wp-json\/wp\/v2\/posts\/232839","targetHints":{"allow":["GET"]}}],"collection":[{"href":"https:\/\/zjarr.tv\/en\/wp-json\/wp\/v2\/posts"}],"about":[{"href":"https:\/\/zjarr.tv\/en\/wp-json\/wp\/v2\/types\/post"}],"author":[{"embeddable":true,"href":"https:\/\/zjarr.tv\/en\/wp-json\/wp\/v2\/users\/2030"}],"replies":[{"embeddable":true,"href":"https:\/\/zjarr.tv\/en\/wp-json\/wp\/v2\/comments?post=232839"}],"version-history":[{"count":0,"href":"https:\/\/zjarr.tv\/en\/wp-json\/wp\/v2\/posts\/232839\/revisions"}],"wp:featuredmedia":[{"embeddable":true,"href":"https:\/\/zjarr.tv\/en\/wp-json\/wp\/v2\/media\/232840"}],"wp:attachment":[{"href":"https:\/\/zjarr.tv\/en\/wp-json\/wp\/v2\/media?parent=232839"}],"wp:term":[{"taxonomy":"category","embeddable":true,"href":"https:\/\/zjarr.tv\/en\/wp-json\/wp\/v2\/categories?post=232839"},{"taxonomy":"post_tag","embeddable":true,"href":"https:\/\/zjarr.tv\/en\/wp-json\/wp\/v2\/tags?post=232839"}],"curies":[{"name":"wp","href":"https:\/\/api.w.org\/{rel}","templated":true}]}}