{"id":232851,"date":"2022-01-27T20:39:49","date_gmt":"2022-01-27T19:39:49","guid":{"rendered":"https:\/\/zjarr.tv\/?p=232851"},"modified":"2022-01-27T20:39:49","modified_gmt":"2022-01-27T19:39:49","slug":"po-humbet-ne-6-mars-gjekmarkaj-jeta-vazhdon-nuk-eshte-kaq-tragjike","status":"publish","type":"post","link":"https:\/\/zjarr.tv\/en\/po-humbet-ne-6-mars-gjekmarkaj-jeta-vazhdon-nuk-eshte-kaq-tragjike\/","title":{"rendered":"Po humb\u00ebt n\u00eb 6 Mars? Gjekmarkaj: Jeta vazhdon! Nuk \u00ebsht\u00eb kaq tragjike"},"content":{"rendered":"<p>N\u00ebnkryetari Agron Gjekmarkaj, ka th\u00ebn\u00eb se se edhe n\u00ebse Partia Demokratike i humbet zgjedhjet e 6 marsit n\u00eb 6 bashki t\u00eb vendit, \u201cjeta vazhdon\u201d.<\/p>\n<p>Sipas tij p\u00ebrtej atyre \u00e7far\u00eb ndodhin n\u00eb politik\u00eb, jeta duhet par\u00eb me g\u00ebzim.<\/p>\n<p>\u201c\u00cbsht\u00eb e sigurt q\u00eb jeta vazhdon, n\u00eb cdo rast jeta vazhdon. Nuk \u00ebsht\u00eb kaq tragjike jeta. P\u00ebrtej gj\u00ebrave q\u00eb ndodhin n\u00eb partit\u00eb politike, jeta duhet par\u00eb m\u00eb me g\u00ebzim dhe alegri. Por nuk jemi k\u00ebtu p\u00ebr humbjen, jemi k\u00ebtu p\u00ebr t\u00eb folur p\u00ebr fitoren, cil\u00ebsin\u00eb e kandidat\u00ebve\u201d tha ai.<\/p>\n<p>Nd\u00ebrsa, sa i p\u00ebrket Sali Berish\u00ebs, Gjekmarkaj tha se ish-kryeministri nuk \u00ebsht\u00eb me deputet i Partis\u00eb Demokratike pasi ka axhend\u00ebn e vet.<\/p>\n<p>Ai nd\u00ebr t\u00eb tjera komentoi dhe m\u00ebnyr\u00ebn se si Berisha do t\u00eb zgjedh\u00eb kandidat\u00ebt p\u00ebr zgjedhjet e 6 marsit.  Sipas Gjekmarkajt primaret p jan\u00eb shaka, pasi n\u00eb fund ish-kryeministri fund do t\u00eb zgjedh\u00eb ata q\u00eb do.<\/p>\n<p>\u201c\u00cbsht\u00eb si shaka, merr shakan\u00eb dhe i vendos p\u00ebrball\u00eb seriozitetin, \u00ebsht\u00eb si referendumi i 18 dhjetorit q\u00eb u b\u00eb n\u00eb mejhane.Berisha s\u2019i ka pasur kurr\u00eb qejf primaret, \u00ebsht\u00eb nj\u00eb fasad\u00eb, do t\u00eb vendos\u00eb n\u00eb loj\u00ebn politike ata q\u00eb i p\u00ebrgjigjen.<\/p>\n<p> I shoh t\u00eb pa shpres\u00eb n\u00eb k\u00ebt\u00eb aspekt. Do t\u00eb ishte mir\u00eb t\u00eb ishin m\u00eb t\u00eb arsyesh\u00ebm n\u00eb raport me veten dhe qytetin dhe historin\u00eb q\u00eb kan\u00eb l\u00ebn\u00eb pas\u201d tha ai.<\/p>","protected":false},"excerpt":{"rendered":"<p>N\u00ebnkryetari Agron Gjekmarkaj, ka th\u00ebn\u00eb se se edhe n\u00ebse Partia Demokratike i humbet zgjedhjet e 6 marsit n\u00eb 6 bashki t\u00eb vendit, \u201cjeta vazhdon\u201d. Sipas tij p\u00ebrtej atyre \u00e7far\u00eb ndodhin n\u00eb politik\u00eb, jeta duhet par\u00eb me g\u00ebzim. \u201c\u00cbsht\u00eb e sigurt q\u00eb jeta vazhdon, n\u00eb cdo rast jeta vazhdon. Nuk \u00ebsht\u00eb kaq tragjike jeta. P\u00ebrtej gj\u00ebrave [&hellip;]<\/p>\n","protected":false},"author":2031,"featured_media":232853,"comment_status":"closed","ping_status":"closed","sticky":false,"template":"","format":"standard","meta":{"footnotes":""},"categories":[231],"tags":[],"class_list":{"0":"post-232851","1":"post","2":"type-post","3":"status-publish","4":"format-standard","5":"has-post-thumbnail","7":"category-lajme"},"_links":{"self":[{"href":"https:\/\/zjarr.tv\/en\/wp-json\/wp\/v2\/posts\/232851","targetHints":{"allow":["GET"]}}],"collection":[{"href":"https:\/\/zjarr.tv\/en\/wp-json\/wp\/v2\/posts"}],"about":[{"href":"https:\/\/zjarr.tv\/en\/wp-json\/wp\/v2\/types\/post"}],"author":[{"embeddable":true,"href":"https:\/\/zjarr.tv\/en\/wp-json\/wp\/v2\/users\/2031"}],"replies":[{"embeddable":true,"href":"https:\/\/zjarr.tv\/en\/wp-json\/wp\/v2\/comments?post=232851"}],"version-history":[{"count":0,"href":"https:\/\/zjarr.tv\/en\/wp-json\/wp\/v2\/posts\/232851\/revisions"}],"wp:featuredmedia":[{"embeddable":true,"href":"https:\/\/zjarr.tv\/en\/wp-json\/wp\/v2\/media\/232853"}],"wp:attachment":[{"href":"https:\/\/zjarr.tv\/en\/wp-json\/wp\/v2\/media?parent=232851"}],"wp:term":[{"taxonomy":"category","embeddable":true,"href":"https:\/\/zjarr.tv\/en\/wp-json\/wp\/v2\/categories?post=232851"},{"taxonomy":"post_tag","embeddable":true,"href":"https:\/\/zjarr.tv\/en\/wp-json\/wp\/v2\/tags?post=232851"}],"curies":[{"name":"wp","href":"https:\/\/api.w.org\/{rel}","templated":true}]}}