{"id":232865,"date":"2022-01-27T21:16:07","date_gmt":"2022-01-27T20:16:07","guid":{"rendered":"https:\/\/zjarr.tv\/?p=232865"},"modified":"2022-01-27T21:16:07","modified_gmt":"2022-01-27T20:16:07","slug":"prapaskenat-arsyet-pse-u-terhoq-helidon-bushati-i-shkodres-nga-pd-e-vules","status":"publish","type":"post","link":"https:\/\/zjarr.tv\/en\/prapaskenat-arsyet-pse-u-terhoq-helidon-bushati-i-shkodres-nga-pd-e-vules\/","title":{"rendered":"Prapaskenat\/ Arsyet pse u t\u00ebrhoq Helidon Bushati i Shkodr\u00ebs nga PD e Vul\u00ebs"},"content":{"rendered":"<p>Nj\u00eb burim i Lapsi.al n\u00eb Partin\u00eb Demokratike tha se Bushatit i duhej t\u00eb t\u00ebrhiqej menj\u00ebher\u00eb, p\u00ebr t\u00eb shmangur thashethemnaj\u00ebn q\u00eb mund t\u00eb krijohej pas shpalljes s\u00eb kandidatur\u00ebs p\u00ebr kryetar bashkie p\u00ebr Shkodr\u00ebn, sipas t\u00eb cilave ai mund t\u00eb kishte pasur ambicie, por mund t\u00eb ishte refuzuar.<\/p>\n<p>N\u00eb fakt, arsyet e dor\u00ebheqjes kan\u00eb t\u00eb b\u00ebjn\u00eb me klim\u00ebn e v\u00ebshtir\u00eb n\u00eb t\u00eb cil\u00ebn po kalojn\u00eb mb\u00ebshtet\u00ebsit e Lulzim Bash\u00ebs n\u00eb PD.<\/p>\n<p>\u201cPas shkarkimeve masive n\u00eb strukturat drejtuese t\u00eb PD-s\u00eb, Helidon Bushati v\u00ebrtet pranoi em\u00ebrimin si an\u00ebtar i kryesis\u00eb s\u00eb PD-s\u00eb duke pranuar edhe rreshtimin pro Bash\u00ebs, por asnj\u00ebher\u00eb nuk ishte i k\u00ebnaqur as me akuzat p\u00ebr Berish\u00ebn dhe as me ato p\u00ebr qeverisjen e 8 viteve t\u00eb PD-s\u00eb dhe as me dhun\u00ebn e 8 Janarit\u201d tha burimi<\/p>\n<p>\u00c7far\u00eb po ndodh me demokrat\u00ebt e Bash\u00ebs n\u00eb Shkod\u00ebr?<\/p>\n<p>Kryetar i deg\u00ebs s\u00eb Shkodr\u00ebs \u00ebsht\u00eb Xhevdet Amuli, biznesmen dhe dashamir\u00ebs i futbollit. N\u00ebse nuk e kandidon p\u00ebr Bashkin\u00eb e Shkodr\u00ebs, Alibeajt i duhet ta llogaris\u00eb patjet\u00ebr mendimin e Amulit, i cili i ka q\u00ebndruar besnik Bash\u00ebs n\u00eb nj\u00eb moment kur shumica e an\u00ebtar\u00ebsis\u00eb i ktheu kurrizin.<\/p>\n<p>\u00c7far\u00eb ndodh me demokrat\u00ebt e Foltores?<\/p>\n<p>Brrylat brenda mb\u00ebshtet\u00ebsve t\u00eb tij, Berisha i ka t\u00eb zgjidhura. T\u00eb diel\u00ebn n\u00eb Shkod\u00ebr zhvillohen \u201cprimaret\u201d (zgjedhjet e brendshme) p\u00ebr kandidatin q\u00eb do t\u2019i p\u00ebrfaq\u00ebsoj\u00eb n\u00eb 6 Mars. N\u00eb gar\u00eb jan\u00eb tre grupime, me ambiciet e tre emrave t\u00eb njohur mes demokrat\u00ebve t\u00eb Shkodr\u00ebs. N\u00eb gar\u00eb pritet t\u00eb hyj\u00eb kryetarja aktuale e Bashkis\u00eb, Voltana Ademi q\u00eb k\u00ebrkon nj\u00eb mandat tjet\u00ebr. \u00cbsht\u00eb ish-kryebashkiaku Lorenc Luka q\u00eb k\u00ebrkon rikthim dhe \u00ebsht\u00eb ish-deputeti Bardh Spahia, i cili k\u00ebrkon vot\u00ebn e demokrat\u00ebve t\u00eb Foltores p\u00ebr t\u00eb qen\u00eb kandidatur\u00eb e tyre p\u00ebr Bashkin\u00eb.<\/p>\n<p>Pik\u00ebrisht p\u00ebr k\u00ebt\u00eb situat\u00eb n\u00eb Shkod\u00ebr, Helidon Bushati zgjodhi t\u00eb \u00e7aktivizohet dhe t\u00eb t\u00ebrhiqet n\u00eb heshtje duke i l\u00ebn\u00eb Bash\u00ebs edhe ai vul\u00ebn e partis\u00eb.\/Lpasi.al<\/p>","protected":false},"excerpt":{"rendered":"<p>Nj\u00eb burim i Lapsi.al n\u00eb Partin\u00eb Demokratike tha se Bushatit i duhej t\u00eb t\u00ebrhiqej menj\u00ebher\u00eb, p\u00ebr t\u00eb shmangur thashethemnaj\u00ebn q\u00eb mund t\u00eb krijohej pas shpalljes s\u00eb kandidatur\u00ebs p\u00ebr kryetar bashkie p\u00ebr Shkodr\u00ebn, sipas t\u00eb cilave ai mund t\u00eb kishte pasur ambicie, por mund t\u00eb ishte refuzuar. N\u00eb fakt, arsyet e dor\u00ebheqjes kan\u00eb t\u00eb b\u00ebjn\u00eb me [&hellip;]<\/p>\n","protected":false},"author":2031,"featured_media":232866,"comment_status":"closed","ping_status":"closed","sticky":false,"template":"","format":"standard","meta":{"footnotes":""},"categories":[231],"tags":[],"class_list":{"0":"post-232865","1":"post","2":"type-post","3":"status-publish","4":"format-standard","5":"has-post-thumbnail","7":"category-lajme"},"_links":{"self":[{"href":"https:\/\/zjarr.tv\/en\/wp-json\/wp\/v2\/posts\/232865","targetHints":{"allow":["GET"]}}],"collection":[{"href":"https:\/\/zjarr.tv\/en\/wp-json\/wp\/v2\/posts"}],"about":[{"href":"https:\/\/zjarr.tv\/en\/wp-json\/wp\/v2\/types\/post"}],"author":[{"embeddable":true,"href":"https:\/\/zjarr.tv\/en\/wp-json\/wp\/v2\/users\/2031"}],"replies":[{"embeddable":true,"href":"https:\/\/zjarr.tv\/en\/wp-json\/wp\/v2\/comments?post=232865"}],"version-history":[{"count":0,"href":"https:\/\/zjarr.tv\/en\/wp-json\/wp\/v2\/posts\/232865\/revisions"}],"wp:featuredmedia":[{"embeddable":true,"href":"https:\/\/zjarr.tv\/en\/wp-json\/wp\/v2\/media\/232866"}],"wp:attachment":[{"href":"https:\/\/zjarr.tv\/en\/wp-json\/wp\/v2\/media?parent=232865"}],"wp:term":[{"taxonomy":"category","embeddable":true,"href":"https:\/\/zjarr.tv\/en\/wp-json\/wp\/v2\/categories?post=232865"},{"taxonomy":"post_tag","embeddable":true,"href":"https:\/\/zjarr.tv\/en\/wp-json\/wp\/v2\/tags?post=232865"}],"curies":[{"name":"wp","href":"https:\/\/api.w.org\/{rel}","templated":true}]}}