{"id":232874,"date":"2022-01-27T21:52:23","date_gmt":"2022-01-27T20:52:23","guid":{"rendered":"https:\/\/zjarr.tv\/?p=232874"},"modified":"2022-01-27T21:52:23","modified_gmt":"2022-01-27T20:52:23","slug":"rama-dhe-veliaj-duan-ta-fshijne-arjan-cani-synimi-i-dukes-legjitim","status":"publish","type":"post","link":"https:\/\/zjarr.tv\/en\/rama-dhe-veliaj-duan-ta-fshijne-arjan-cani-synimi-i-dukes-legjitim\/","title":{"rendered":"\u201cRama dhe Veliaj duan ta fshijn\u00eb\u201d\/ Arjan \u00c7ani: Synimi i Duk\u00ebs, legjitim"},"content":{"rendered":"<p>Arjan \u00c7ani, i ftuar n\u00eb emisionin \u201cT\u00eb Paekspozuarit\u201d n\u00eb MCN TV, ka folur p\u00ebr luft\u00ebn q\u00eb ka plasur n\u00eb Federat\u00ebn Shqiptare t\u00eb Futbollit.<\/p>\n<p>\u00c7ani e quajti Duk\u00ebn \u201cnj\u00eb burr\u00eb t\u00eb mir\u00eb\u201d, q\u00eb \u00ebsht\u00eb nj\u00eb alternativ\u00eb m\u00eb e preferuar p\u00ebr t\u00eb drejtuar Federat\u00ebn, sesa kapja politike e Federat\u00ebs.<\/p>\n<p>\u201cSynimi i Duk\u00ebs mua m\u00eb duket legjitim. Ai pretendon se \u00ebsht\u00eb aty me kontributin e tij. E ka \u00e7uar futbollin p\u00ebr her\u00eb t\u00eb par\u00eb n\u00eb k\u00ebt\u00eb nivel, shum\u00eb m\u00eb t\u00eb nd\u00ebrkomb\u00ebtarizuar se m\u00eb par\u00eb. K\u00ebto q\u00eb e akuzojn\u00eb, shp\u00ebrdorim fondesh, nuk futem fare te k\u00ebto. P\u00ebr t\u00eb kapur llokma t\u00eb tilla pushteti, si FSHF, normal do t\u00eb ket\u00eb akuza t\u00eb tilla. Un\u00eb quaj po aq legjitime, aq m\u00eb tep\u00ebr tani n\u00eb 2022, prirem t\u00eb jem me Duk\u00ebn n\u00eb k\u00ebt\u00eb rast. M\u00eb duket burr\u00eb i mir\u00eb, e njoh personalisht. Por, m\u00eb mir\u00eb t\u00eb jetojm\u00eb n\u00eb nj\u00eb vend ku sporti nuk \u00ebsht\u00eb n\u00eb kontroll t\u00eb qeveris\u00eb, sesa n\u00ebn kontrollin e qeveris\u00eb. Prandaj, m\u00eb mir\u00eb nj\u00eb Duk\u00eb t\u00eb keq, por jo sport t\u00eb kontrolluar nga qeveria.<\/p>\n<p>Le t\u00eb mos harrojm\u00eb se Rama dhe Veliaj kan\u00eb luftuar shum\u00eb pr\u00eb t\u00eb kapur gjith\u00e7ka dhe p\u00ebr t\u00eb qen\u00eb t\u00eb qet\u00eb. \u00cbsht\u00eb lodhje e madhe.<\/p>\n<p>Tani, un\u00eb kam drejt\u00ebsin\u00eb dhe amerikan\u00ebt, dhe m\u00eb del nj\u00eb Duk\u00eb m\u00eb fidon. Kush je ti? Un\u00eb t\u00eb fshij.<\/p>\n<p>Rama dhe Veliaj duan ta heqin, sepse gjykata, drejt\u00ebsia, \u00ebsht\u00eb n\u00eb duart e tyre.<\/p>\n<p>Them, a do t\u00eb ket\u00eb fuqi Duka t\u00eb rezistoj\u00eb? E ka t\u00eb v\u00ebshtira. Hyrja e Veliajt, q\u00eb \u00ebsht\u00eb kamikaz dhe p\u00ebrmbaruesi\u2026 k\u00ebsaj rradhe e kan\u00eb ndar\u00eb mendjen. Po arriti Duka edhe k\u00ebsaj rradhe, q\u00eb kan\u00eb drejt\u00ebsin\u00eb, ti mund\u00eb, at\u00ebher\u00eb p\u00ebr Duk\u00ebn duhet b\u00ebr\u00eb monument\u201d, tha ai.<\/p>","protected":false},"excerpt":{"rendered":"<p>Arjan \u00c7ani, i ftuar n\u00eb emisionin \u201cT\u00eb Paekspozuarit\u201d n\u00eb MCN TV, ka folur p\u00ebr luft\u00ebn q\u00eb ka plasur n\u00eb Federat\u00ebn Shqiptare t\u00eb Futbollit. \u00c7ani e quajti Duk\u00ebn \u201cnj\u00eb burr\u00eb t\u00eb mir\u00eb\u201d, q\u00eb \u00ebsht\u00eb nj\u00eb alternativ\u00eb m\u00eb e preferuar p\u00ebr t\u00eb drejtuar Federat\u00ebn, sesa kapja politike e Federat\u00ebs. \u201cSynimi i Duk\u00ebs mua m\u00eb duket legjitim. Ai [&hellip;]<\/p>\n","protected":false},"author":2031,"featured_media":232875,"comment_status":"closed","ping_status":"closed","sticky":false,"template":"","format":"standard","meta":{"footnotes":""},"categories":[231],"tags":[],"class_list":{"0":"post-232874","1":"post","2":"type-post","3":"status-publish","4":"format-standard","5":"has-post-thumbnail","7":"category-lajme"},"_links":{"self":[{"href":"https:\/\/zjarr.tv\/en\/wp-json\/wp\/v2\/posts\/232874","targetHints":{"allow":["GET"]}}],"collection":[{"href":"https:\/\/zjarr.tv\/en\/wp-json\/wp\/v2\/posts"}],"about":[{"href":"https:\/\/zjarr.tv\/en\/wp-json\/wp\/v2\/types\/post"}],"author":[{"embeddable":true,"href":"https:\/\/zjarr.tv\/en\/wp-json\/wp\/v2\/users\/2031"}],"replies":[{"embeddable":true,"href":"https:\/\/zjarr.tv\/en\/wp-json\/wp\/v2\/comments?post=232874"}],"version-history":[{"count":0,"href":"https:\/\/zjarr.tv\/en\/wp-json\/wp\/v2\/posts\/232874\/revisions"}],"wp:featuredmedia":[{"embeddable":true,"href":"https:\/\/zjarr.tv\/en\/wp-json\/wp\/v2\/media\/232875"}],"wp:attachment":[{"href":"https:\/\/zjarr.tv\/en\/wp-json\/wp\/v2\/media?parent=232874"}],"wp:term":[{"taxonomy":"category","embeddable":true,"href":"https:\/\/zjarr.tv\/en\/wp-json\/wp\/v2\/categories?post=232874"},{"taxonomy":"post_tag","embeddable":true,"href":"https:\/\/zjarr.tv\/en\/wp-json\/wp\/v2\/tags?post=232874"}],"curies":[{"name":"wp","href":"https:\/\/api.w.org\/{rel}","templated":true}]}}