{"id":232887,"date":"2022-01-27T22:36:01","date_gmt":"2022-01-27T21:36:01","guid":{"rendered":"https:\/\/zjarr.tv\/?p=232887"},"modified":"2022-01-27T22:36:01","modified_gmt":"2022-01-27T21:36:01","slug":"sondazhi-berisha-mund-bashen-brenda-pd-dhe-jashte-saj","status":"publish","type":"post","link":"https:\/\/zjarr.tv\/en\/sondazhi-berisha-mund-bashen-brenda-pd-dhe-jashte-saj\/","title":{"rendered":"SONDAZHI\/ Berisha mund Bash\u00ebn brenda PD dhe jasht\u00eb saj"},"content":{"rendered":"<p>Mes lider\u00ebve demokrat\u00eb, shqiptar\u00ebt preferojn\u00eb Berish\u00ebn (21%) para Bash\u00ebs (17%) edhe pse diferenca mes tyre \u00ebsht\u00eb ngushtuar n\u00eb krahasim me muajin tetor.<\/p>\n<p>Ish-kryeministrin Berisha, sot shqiptar\u00ebt e p\u00eblqejn\u00eb m\u00eb pak (-7 pik\u00eb p\u00ebrqindje), sesa n\u00eb muajin tetor, p\u00ebrpara p\u00ebrplasjes n\u00eb selin\u00eb blu.<\/p>\n<p>Mes votuesve t\u00eb PD, thuajse gjysma e tyre (47%) kan\u00eb mendim pozitiv p\u00ebr Sali Berish\u00ebn.<\/p>\n<p>Vet\u00ebm thuajse 39% e votues t\u00eb PD kan\u00eb mendim pozitiv p\u00ebr kryetarin e saj, Basha.<\/p>\n<p>P\u00eblqyeshm\u00ebria e Lulzim Bash\u00ebs dhe Sali Berish\u00ebs ka r\u00ebn\u00eb krahasuar me fundin e vitit t\u00eb kaluar.<\/p>\n<p>Gjetjet jan\u00eb rezultat i anket\u00ebs p\u00ebr periudh\u00ebn 13-24 janar 2022, kryer nga MRB dhe Data Centrum n\u00eb nivel komb\u00ebtar me 1000 intervista ball\u00eb p\u00ebr ball\u00eb.<\/p>","protected":false},"excerpt":{"rendered":"<p>Mes lider\u00ebve demokrat\u00eb, shqiptar\u00ebt preferojn\u00eb Berish\u00ebn (21%) para Bash\u00ebs (17%) edhe pse diferenca mes tyre \u00ebsht\u00eb ngushtuar n\u00eb krahasim me muajin tetor. Ish-kryeministrin Berisha, sot shqiptar\u00ebt e p\u00eblqejn\u00eb m\u00eb pak (-7 pik\u00eb p\u00ebrqindje), sesa n\u00eb muajin tetor, p\u00ebrpara p\u00ebrplasjes n\u00eb selin\u00eb blu. Mes votuesve t\u00eb PD, thuajse gjysma e tyre (47%) kan\u00eb mendim pozitiv p\u00ebr [&hellip;]<\/p>\n","protected":false},"author":2031,"featured_media":232888,"comment_status":"closed","ping_status":"closed","sticky":false,"template":"","format":"standard","meta":{"footnotes":""},"categories":[231],"tags":[],"class_list":{"0":"post-232887","1":"post","2":"type-post","3":"status-publish","4":"format-standard","5":"has-post-thumbnail","7":"category-lajme"},"_links":{"self":[{"href":"https:\/\/zjarr.tv\/en\/wp-json\/wp\/v2\/posts\/232887","targetHints":{"allow":["GET"]}}],"collection":[{"href":"https:\/\/zjarr.tv\/en\/wp-json\/wp\/v2\/posts"}],"about":[{"href":"https:\/\/zjarr.tv\/en\/wp-json\/wp\/v2\/types\/post"}],"author":[{"embeddable":true,"href":"https:\/\/zjarr.tv\/en\/wp-json\/wp\/v2\/users\/2031"}],"replies":[{"embeddable":true,"href":"https:\/\/zjarr.tv\/en\/wp-json\/wp\/v2\/comments?post=232887"}],"version-history":[{"count":0,"href":"https:\/\/zjarr.tv\/en\/wp-json\/wp\/v2\/posts\/232887\/revisions"}],"wp:featuredmedia":[{"embeddable":true,"href":"https:\/\/zjarr.tv\/en\/wp-json\/wp\/v2\/media\/232888"}],"wp:attachment":[{"href":"https:\/\/zjarr.tv\/en\/wp-json\/wp\/v2\/media?parent=232887"}],"wp:term":[{"taxonomy":"category","embeddable":true,"href":"https:\/\/zjarr.tv\/en\/wp-json\/wp\/v2\/categories?post=232887"},{"taxonomy":"post_tag","embeddable":true,"href":"https:\/\/zjarr.tv\/en\/wp-json\/wp\/v2\/tags?post=232887"}],"curies":[{"name":"wp","href":"https:\/\/api.w.org\/{rel}","templated":true}]}}