{"id":233202,"date":"2022-01-29T12:07:07","date_gmt":"2022-01-29T11:07:07","guid":{"rendered":"https:\/\/zjarr.tv\/?p=233202"},"modified":"2022-01-29T12:07:07","modified_gmt":"2022-01-29T11:07:07","slug":"kush-jane-kandidatet-e-grupit-te-berishes-per-shkodren-voltana-ademi-merr-vendimin-surprize","status":"publish","type":"post","link":"https:\/\/zjarr.tv\/en\/kush-jane-kandidatet-e-grupit-te-berishes-per-shkodren-voltana-ademi-merr-vendimin-surprize\/","title":{"rendered":"Kush jan\u00eb kandidat\u00ebt e grupit t\u00eb Berish\u00ebs p\u00ebr Shkodr\u00ebn, Voltana Ademi merr vendimin surpriz\u00eb"},"content":{"rendered":"<p>Bardh Spahia, Astrit Bushati dhe Irena Shestani pritet t\u00eb jen\u00eb emrat nga grupi i rithemelimit q\u00eb do i ofrohen t\u00eb diel\u00ebn strukturave t\u00eb PD p\u00ebr t\u00eb votuar nj\u00ebrin prej tyre p\u00ebr kandidat\u00eb p\u00ebr kreun e Bashkis\u00eb Shkod\u00ebr. Fax News m\u00ebson se kryetarja aktuale e Bashkis\u00eb Shkod\u00ebr, Voltana Ademi, nuk do t\u00eb jet\u00eb pjes\u00eb e list\u00ebs.<\/p>\n<p>Nuk ka di\u00e7ka zyrtare, por k\u00ebshtu b\u00ebjn\u00eb me dije burimet pran\u00eb PD Shkod\u00ebr, pavar\u00ebsisht se emri i Ademit p\u00ebrflitej prej disa dit\u00ebsh p\u00ebr t\u00eb qen\u00eb p\u00ebrs\u00ebri kandidate p\u00ebr Bashkin\u00eb Shkod\u00ebr. Nga ana tjet\u00ebr, ende nuk dihet vendi ku do t\u00eb zhvillohen votimet e s\u00eb diel\u00ebs n\u00eb Shkod\u00ebr.<\/p>\n<p>Por, nuk p\u00ebrjashtohet mund\u00ebsia q\u00eb t\u00eb ndiqet e nj\u00ebjta metod\u00eb q\u00eb ishte n\u00eb votimet p\u00ebr shkarkimin e Lulzim Bash\u00ebs, pra n\u00eb disa zona t\u00eb ndryshme. Nd\u00ebrkoh\u00eb nga PD zyrtare, p\u00ebrfliten disa emra p\u00ebr t\u00eb qen\u00eb kandidat, ku nuk p\u00ebrjashtohen emrat e deputet\u00ebve t\u00eb Shkodr\u00ebs dhe as ai i kreut t\u00eb PD dega Shkod\u00ebr.<\/p>\n<p>Kujtojm\u00eb q\u00eb nj\u00eb nat\u00eb m\u00eb par\u00eb, PS Shkod\u00ebr shpalli kandidatur\u00ebn p\u00ebr kreun e Bashkis\u00eb Shkod\u00ebr, e cila \u00ebsht\u00eb prefektja e Qarkut Shkod\u00ebr, Majlinda Angoni. Koncepti i primareve \u00ebsht\u00eb marr\u00eb nga SHBA, dhe sipas Komisionit t\u00eb Rithemelimit, ai do t\u00eb ndiqet p\u00ebr kandidat\u00ebt qoft\u00eb p\u00ebr zgjedhje t\u00eb p\u00ebrgjithshme, qoft\u00eb p\u00ebr ato lokale.<\/p>","protected":false},"excerpt":{"rendered":"<p>Bardh Spahia, Astrit Bushati dhe Irena Shestani pritet t\u00eb jen\u00eb emrat nga grupi i rithemelimit q\u00eb do i ofrohen t\u00eb diel\u00ebn strukturave t\u00eb PD p\u00ebr t\u00eb votuar nj\u00ebrin prej tyre p\u00ebr kandidat\u00eb p\u00ebr kreun e Bashkis\u00eb Shkod\u00ebr. Fax News m\u00ebson se kryetarja aktuale e Bashkis\u00eb Shkod\u00ebr, Voltana Ademi, nuk do t\u00eb jet\u00eb pjes\u00eb e list\u00ebs. [&hellip;]<\/p>\n","protected":false},"author":2020,"featured_media":233209,"comment_status":"closed","ping_status":"closed","sticky":false,"template":"","format":"standard","meta":{"footnotes":""},"categories":[241,5380,231],"tags":[],"class_list":{"0":"post-233202","1":"post","2":"type-post","3":"status-publish","4":"format-standard","5":"has-post-thumbnail","7":"category-aktualitet","8":"category-kryesore","9":"category-lajme"},"_links":{"self":[{"href":"https:\/\/zjarr.tv\/en\/wp-json\/wp\/v2\/posts\/233202","targetHints":{"allow":["GET"]}}],"collection":[{"href":"https:\/\/zjarr.tv\/en\/wp-json\/wp\/v2\/posts"}],"about":[{"href":"https:\/\/zjarr.tv\/en\/wp-json\/wp\/v2\/types\/post"}],"author":[{"embeddable":true,"href":"https:\/\/zjarr.tv\/en\/wp-json\/wp\/v2\/users\/2020"}],"replies":[{"embeddable":true,"href":"https:\/\/zjarr.tv\/en\/wp-json\/wp\/v2\/comments?post=233202"}],"version-history":[{"count":0,"href":"https:\/\/zjarr.tv\/en\/wp-json\/wp\/v2\/posts\/233202\/revisions"}],"wp:featuredmedia":[{"embeddable":true,"href":"https:\/\/zjarr.tv\/en\/wp-json\/wp\/v2\/media\/233209"}],"wp:attachment":[{"href":"https:\/\/zjarr.tv\/en\/wp-json\/wp\/v2\/media?parent=233202"}],"wp:term":[{"taxonomy":"category","embeddable":true,"href":"https:\/\/zjarr.tv\/en\/wp-json\/wp\/v2\/categories?post=233202"},{"taxonomy":"post_tag","embeddable":true,"href":"https:\/\/zjarr.tv\/en\/wp-json\/wp\/v2\/tags?post=233202"}],"curies":[{"name":"wp","href":"https:\/\/api.w.org\/{rel}","templated":true}]}}