{"id":233207,"date":"2022-01-29T12:07:05","date_gmt":"2022-01-29T11:07:05","guid":{"rendered":"https:\/\/zjarr.tv\/?p=233207"},"modified":"2022-01-29T12:07:05","modified_gmt":"2022-01-29T11:07:05","slug":"publikoi-raportin-per-renien-e-lires-turke-erdogan-shkarkon-shefin-e-statistikave","status":"publish","type":"post","link":"https:\/\/zjarr.tv\/en\/publikoi-raportin-per-renien-e-lires-turke-erdogan-shkarkon-shefin-e-statistikave\/","title":{"rendered":"Publikoi raportin p\u00ebr r\u00ebnien e lir\u00ebs turke, Erdogan shkarkon shefin e statistikave"},"content":{"rendered":"<p>Presidenti Recep Tayyip Erdogan, ka shkarkuar kreun e agjencis\u00eb shtet\u00ebrore t\u00eb statistikave, sipas nj\u00eb dekreti t\u00eb publikuar m\u00eb 29 janar.<\/p>\n<p>Ky njoftim \u00ebsht\u00eb b\u00ebr\u00eb disa jav\u00eb pasi Sait Erdal Dincer, shef i Institutit Turk t\u00eb Statistikave ka publikuar raportin q\u00eb tregon se shkalla e inflacionit \u00ebsht\u00eb m\u00eb e larta n\u00eb 19 vjet. N\u00eb vend t\u00eb Dencer \u00ebsht\u00eb em\u00ebruar, Erhan Cetinkaya.<\/p>\n<p>Erdogan nuk ka dh\u00ebn\u00eb sqarim p\u00ebr em\u00ebrimin e Centinkayas, i cili m\u00eb par\u00eb ka sh\u00ebrbyer si z\u00ebvend\u00ebsshef i rregullatorit bankar t\u00eb Turqis\u00eb.<\/p>\n<p>Dincer \u00ebsht\u00eb kritikuar si nga Qeveria, ashtu edhe nga opozita, pasi ka publikuar t\u00eb dh\u00ebna m\u00eb 3 janar q\u00eb tregonin se \u00e7mimet e konsumit jan\u00eb rritur p\u00ebr 36.1 p\u00ebr qind n\u00eb muajin dhjetor, n\u00eb krahasim me nj\u00eb vit m\u00eb par\u00eb.<\/p>\n<p>Kjo shif\u00ebr ka qen\u00eb m\u00eb e lart\u00eb sesa parashikimi prej 27 p\u00ebr qind i analist\u00ebve.<\/p>","protected":false},"excerpt":{"rendered":"<p>Presidenti Recep Tayyip Erdogan, ka shkarkuar kreun e agjencis\u00eb shtet\u00ebrore t\u00eb statistikave, sipas nj\u00eb dekreti t\u00eb publikuar m\u00eb 29 janar. Ky njoftim \u00ebsht\u00eb b\u00ebr\u00eb disa jav\u00eb pasi Sait Erdal Dincer, shef i Institutit Turk t\u00eb Statistikave ka publikuar raportin q\u00eb tregon se shkalla e inflacionit \u00ebsht\u00eb m\u00eb e larta n\u00eb 19 vjet. N\u00eb vend t\u00eb [&hellip;]<\/p>\n","protected":false},"author":2030,"featured_media":233208,"comment_status":"closed","ping_status":"closed","sticky":false,"template":"","format":"standard","meta":{"footnotes":""},"categories":[241,191,231],"tags":[],"class_list":{"0":"post-233207","1":"post","2":"type-post","3":"status-publish","4":"format-standard","5":"has-post-thumbnail","7":"category-aktualitet","8":"category-bota","9":"category-lajme"},"_links":{"self":[{"href":"https:\/\/zjarr.tv\/en\/wp-json\/wp\/v2\/posts\/233207","targetHints":{"allow":["GET"]}}],"collection":[{"href":"https:\/\/zjarr.tv\/en\/wp-json\/wp\/v2\/posts"}],"about":[{"href":"https:\/\/zjarr.tv\/en\/wp-json\/wp\/v2\/types\/post"}],"author":[{"embeddable":true,"href":"https:\/\/zjarr.tv\/en\/wp-json\/wp\/v2\/users\/2030"}],"replies":[{"embeddable":true,"href":"https:\/\/zjarr.tv\/en\/wp-json\/wp\/v2\/comments?post=233207"}],"version-history":[{"count":0,"href":"https:\/\/zjarr.tv\/en\/wp-json\/wp\/v2\/posts\/233207\/revisions"}],"wp:featuredmedia":[{"embeddable":true,"href":"https:\/\/zjarr.tv\/en\/wp-json\/wp\/v2\/media\/233208"}],"wp:attachment":[{"href":"https:\/\/zjarr.tv\/en\/wp-json\/wp\/v2\/media?parent=233207"}],"wp:term":[{"taxonomy":"category","embeddable":true,"href":"https:\/\/zjarr.tv\/en\/wp-json\/wp\/v2\/categories?post=233207"},{"taxonomy":"post_tag","embeddable":true,"href":"https:\/\/zjarr.tv\/en\/wp-json\/wp\/v2\/tags?post=233207"}],"curies":[{"name":"wp","href":"https:\/\/api.w.org\/{rel}","templated":true}]}}