{"id":234057,"date":"2022-02-01T12:35:00","date_gmt":"2022-02-01T11:35:00","guid":{"rendered":"https:\/\/zjarr.tv\/?p=234057"},"modified":"2022-02-01T12:35:00","modified_gmt":"2022-02-01T11:35:00","slug":"kush-e-ka-radhen-paralajmerimi-i-escobar-shba-do-vazhdojne-me-non-grata-t","status":"publish","type":"post","link":"https:\/\/zjarr.tv\/en\/kush-e-ka-radhen-paralajmerimi-i-escobar-shba-do-vazhdojne-me-non-grata-t\/","title":{"rendered":"Kush e ka radh\u00ebn? PARALAJM\u00cbRIMI i Escobar: SHBA do vazhdojn\u00eb me non grata-t!"},"content":{"rendered":"<p>I d\u00ebrguari i Shteteve t\u00eb Bashkuara t\u00eb Amerik\u00ebs p\u00ebr Ballkanin Per\u00ebndimor, Gabriel Escobar, ka paralajm\u00ebruar se SHBA do t\u00eb vazhdoj\u00eb t\u00eb p\u00ebrdor\u00eb t\u00eb gjitha mjetet p\u00ebr t\u00eb paralandaluar korrupsionin dhe t\u00eb gjith\u00eb ata t\u00eb cil\u00ebt jan\u00eb t\u00eb p\u00ebrfshir\u00eb do t\u00eb nd\u00ebshkohen.<\/p>\n<p>Ai tha se korrupsioni \u00ebsht\u00eb problemi m\u00eb i madh n\u00eb Ballkanin Per\u00ebndimor dhe sipas tij SHBA-t\u00eb jan\u00eb t\u00eb p\u00ebrkushtuara p\u00ebr t\u00eb promovuar llogaridh\u00ebnien si dhe p\u00ebr t\u00eb mbrojtur ata q\u00eb jan\u00eb t\u00eb p\u00ebrfshir\u00eb n\u00eb korrupsion n\u00eb Ballkanin Per\u00ebndimor dhe n\u00eb mbar\u00eb bot\u00ebn.<\/p>\n<p>\u201cKorrupsioni \u00ebsht\u00eb nj\u00eb kancer q\u00eb g\u00ebrryen besimin e qytetar\u00ebve n\u00eb demokraci, zvog\u00eblon instinktin p\u00ebr inovacion dhe kreativitet dhe shpenzon n\u00eb buxhete tashm\u00eb t\u00eb pakta, gj\u00eb q\u00eb shkurton investimet. Talenti i brezave t\u00eb t\u00ebr\u00eb po shp\u00ebrdorohe.<\/p>\n<p>Shtetet e Bashkuara do t\u00eb vazhdojn\u00eb t\u00eb p\u00ebrdorin t\u00eb gjitha mjetet e disponueshme, p\u00ebrfshir\u00eb sanksionet, p\u00ebr t\u00eb nd\u00ebshkuar aktor\u00ebt keqdash\u00ebs dhe destabilizues, si dhe organizatat dhe kompanit\u00eb q\u00eb i mb\u00ebshtesin ato\u201d, tha ai gjat\u00eb nj\u00eb interviste p\u00ebr gazet\u00ebn boshnjake \u201cDnevni Avaz\u201d.<\/p>","protected":false},"excerpt":{"rendered":"<p>I d\u00ebrguari i Shteteve t\u00eb Bashkuara t\u00eb Amerik\u00ebs p\u00ebr Ballkanin Per\u00ebndimor, Gabriel Escobar, ka paralajm\u00ebruar se SHBA do t\u00eb vazhdoj\u00eb t\u00eb p\u00ebrdor\u00eb t\u00eb gjitha mjetet p\u00ebr t\u00eb paralandaluar korrupsionin dhe t\u00eb gjith\u00eb ata t\u00eb cil\u00ebt jan\u00eb t\u00eb p\u00ebrfshir\u00eb do t\u00eb nd\u00ebshkohen. Ai tha se korrupsioni \u00ebsht\u00eb problemi m\u00eb i madh n\u00eb Ballkanin Per\u00ebndimor dhe sipas [&hellip;]<\/p>\n","protected":false},"author":2030,"featured_media":233923,"comment_status":"closed","ping_status":"closed","sticky":false,"template":"","format":"standard","meta":{"footnotes":""},"categories":[241,191,3366],"tags":[],"class_list":{"0":"post-234057","1":"post","2":"type-post","3":"status-publish","4":"format-standard","5":"has-post-thumbnail","7":"category-aktualitet","8":"category-bota","9":"category-koment"},"_links":{"self":[{"href":"https:\/\/zjarr.tv\/en\/wp-json\/wp\/v2\/posts\/234057","targetHints":{"allow":["GET"]}}],"collection":[{"href":"https:\/\/zjarr.tv\/en\/wp-json\/wp\/v2\/posts"}],"about":[{"href":"https:\/\/zjarr.tv\/en\/wp-json\/wp\/v2\/types\/post"}],"author":[{"embeddable":true,"href":"https:\/\/zjarr.tv\/en\/wp-json\/wp\/v2\/users\/2030"}],"replies":[{"embeddable":true,"href":"https:\/\/zjarr.tv\/en\/wp-json\/wp\/v2\/comments?post=234057"}],"version-history":[{"count":0,"href":"https:\/\/zjarr.tv\/en\/wp-json\/wp\/v2\/posts\/234057\/revisions"}],"wp:featuredmedia":[{"embeddable":true,"href":"https:\/\/zjarr.tv\/en\/wp-json\/wp\/v2\/media\/233923"}],"wp:attachment":[{"href":"https:\/\/zjarr.tv\/en\/wp-json\/wp\/v2\/media?parent=234057"}],"wp:term":[{"taxonomy":"category","embeddable":true,"href":"https:\/\/zjarr.tv\/en\/wp-json\/wp\/v2\/categories?post=234057"},{"taxonomy":"post_tag","embeddable":true,"href":"https:\/\/zjarr.tv\/en\/wp-json\/wp\/v2\/tags?post=234057"}],"curies":[{"name":"wp","href":"https:\/\/api.w.org\/{rel}","templated":true}]}}