{"id":234069,"date":"2022-02-01T12:47:14","date_gmt":"2022-02-01T11:47:14","guid":{"rendered":"https:\/\/zjarr.tv\/?p=234069"},"modified":"2022-02-01T12:47:14","modified_gmt":"2022-02-01T11:47:14","slug":"yuri-kim-takon-ministrin-manja-te-reduktohen-ceshtjet-administrative-njerezit-meritojne-rezultate-nga-reforma-ne-drejtesi","status":"publish","type":"post","link":"https:\/\/zjarr.tv\/en\/yuri-kim-takon-ministrin-manja-te-reduktohen-ceshtjet-administrative-njerezit-meritojne-rezultate-nga-reforma-ne-drejtesi\/","title":{"rendered":"Yuri Kim takon ministrin Manja: T\u00eb reduktohen \u00e7\u00ebshtjet administrative, njer\u00ebzit meritojn\u00eb rezultate nga reforma n\u00eb drejt\u00ebsi"},"content":{"rendered":"<p>Yuri Kim n\u00eb Twitter:<\/p>\n<p>Takimi shum\u00eb produktiv me Ministrin e Drejt\u00ebsis\u00eb p\u00ebr t\u00eb diskutuar progresin dhe hapat e ardhsh\u00ebm n\u00eb zbatimin e reform\u00ebs n\u00eb drejt\u00ebsi. SHBA mb\u00ebshtet fokusin k\u00ebt\u00eb vit n\u00eb: eliminimin e mang\u00ebsive dhe joefikasiteteve, ve\u00e7an\u00ebrisht p\u00ebr t\u00eb reduktuar numrin e rasteve t\u00eb grumbulluara n\u00eb gjykatat administrative; duke iu p\u00ebrgjigjur shqet\u00ebsimeve tw qytetar\u00ebve p\u00ebr pretendimet dhe t\u00eb drejtat pron\u00ebsore n\u00eb koh\u00eb, transparente dhe kuptimplot\u00eb, gj\u00eb q\u00eb \u00ebsht\u00eb gjithashtu e r\u00ebnd\u00ebsishme p\u00ebr t\u00eb t\u00ebrhequr investime t\u00eb huaja dhe p\u00ebr t\u00eb p\u00ebrmbushur standardet e BE-s\u00eb; &amp; imponimi i pasojave p\u00ebr zyrtar\u00ebt q\u00eb p\u00ebrfshihen n\u00eb korrupsion. Njer\u00ebzit meritojn\u00eb rezultate reale nga reforma n\u00eb drejt\u00ebsi.<\/p>","protected":false},"excerpt":{"rendered":"<p>Yuri Kim n\u00eb Twitter: Takimi shum\u00eb produktiv me Ministrin e Drejt\u00ebsis\u00eb p\u00ebr t\u00eb diskutuar progresin dhe hapat e ardhsh\u00ebm n\u00eb zbatimin e reform\u00ebs n\u00eb drejt\u00ebsi. SHBA mb\u00ebshtet fokusin k\u00ebt\u00eb vit n\u00eb: eliminimin e mang\u00ebsive dhe joefikasiteteve, ve\u00e7an\u00ebrisht p\u00ebr t\u00eb reduktuar numrin e rasteve t\u00eb grumbulluara n\u00eb gjykatat administrative; duke iu p\u00ebrgjigjur shqet\u00ebsimeve tw qytetar\u00ebve p\u00ebr [&hellip;]<\/p>\n","protected":false},"author":2020,"featured_media":234075,"comment_status":"closed","ping_status":"closed","sticky":false,"template":"","format":"standard","meta":{"footnotes":""},"categories":[241,5380,231],"tags":[],"class_list":{"0":"post-234069","1":"post","2":"type-post","3":"status-publish","4":"format-standard","5":"has-post-thumbnail","7":"category-aktualitet","8":"category-kryesore","9":"category-lajme"},"_links":{"self":[{"href":"https:\/\/zjarr.tv\/en\/wp-json\/wp\/v2\/posts\/234069","targetHints":{"allow":["GET"]}}],"collection":[{"href":"https:\/\/zjarr.tv\/en\/wp-json\/wp\/v2\/posts"}],"about":[{"href":"https:\/\/zjarr.tv\/en\/wp-json\/wp\/v2\/types\/post"}],"author":[{"embeddable":true,"href":"https:\/\/zjarr.tv\/en\/wp-json\/wp\/v2\/users\/2020"}],"replies":[{"embeddable":true,"href":"https:\/\/zjarr.tv\/en\/wp-json\/wp\/v2\/comments?post=234069"}],"version-history":[{"count":0,"href":"https:\/\/zjarr.tv\/en\/wp-json\/wp\/v2\/posts\/234069\/revisions"}],"wp:featuredmedia":[{"embeddable":true,"href":"https:\/\/zjarr.tv\/en\/wp-json\/wp\/v2\/media\/234075"}],"wp:attachment":[{"href":"https:\/\/zjarr.tv\/en\/wp-json\/wp\/v2\/media?parent=234069"}],"wp:term":[{"taxonomy":"category","embeddable":true,"href":"https:\/\/zjarr.tv\/en\/wp-json\/wp\/v2\/categories?post=234069"},{"taxonomy":"post_tag","embeddable":true,"href":"https:\/\/zjarr.tv\/en\/wp-json\/wp\/v2\/tags?post=234069"}],"curies":[{"name":"wp","href":"https:\/\/api.w.org\/{rel}","templated":true}]}}