{"id":234199,"date":"2022-02-01T18:00:15","date_gmt":"2022-02-01T17:00:15","guid":{"rendered":"https:\/\/zjarr.tv\/?p=234199"},"modified":"2022-02-01T18:00:15","modified_gmt":"2022-02-01T17:00:15","slug":"luan-baci-basha-nuk-ka-ke-te-zyrtarizoje-si-kandidat-nuk-e-beson-asnje-demokrat","status":"publish","type":"post","link":"https:\/\/zjarr.tv\/en\/luan-baci-basha-nuk-ka-ke-te-zyrtarizoje-si-kandidat-nuk-e-beson-asnje-demokrat\/","title":{"rendered":"Luan Ba\u00e7i: Basha nuk ka, k\u00eb t\u00eb zyrtarizoj\u00eb si kandidat. Nuk e beson asnj\u00eb demokrat"},"content":{"rendered":"<p>Deputeti i PD Luan Ba\u00e7i i pyetur se a do t\u00eb ket\u00eb negociata me parti t\u00eb tjera, ai e konfirmoi duke th\u00ebn\u00eb se koalicionit \u201cSht\u00ebpia e Liris\u00eb\u201d mund t\u2019i bashkohen edhe parti t\u00eb tjera opozitare.<\/p>\n<p>N\u00eb nj\u00eb intervist\u00eb p\u00ebr RTV Ora me gazetaren Besmira Pelushaj, Ba\u00e7i tha se t\u00eb gjith\u00eb forcat opozitare jan\u00eb s\u00eb bashku, nd\u00ebrkoh\u00eb shtoi se Lulzim Basha po mban peng vul\u00ebn dhe sigl\u00ebn e PD.<\/p>\n<p>Luan Ba\u00e7i: Mendoj se negociatat do t\u00eb vazhdojn\u00eb sepse edhe mund t\u00eb bashkohen t\u00eb tjer\u00eb parti opozitare. Gjithsesi kjo \u00ebsht\u00eb nj\u00eb gjetje p\u00ebr t\u00eb leht\u00ebsuar procedur\u00ebn p\u00ebr arsye q\u00eb tashm\u00eb dihet. Kandidat\u00ebt e PD kan\u00eb dal\u00eb\u00a0 publikisht.\u00a0 I gjith\u00eb fronti\u00a0 opozitar \u00ebsht\u00eb bashk\u00eb. Kandidat\u00ebt e 6 marsit njihen n\u00eb qarqet ku do t\u00eb zhvillohen zgjedhjet. N\u00eb Fier ka filluar puna. Fushata do t\u00eb b\u00ebhet e p\u00ebrbashk\u00ebt. T\u00eb gjitha forcat opozitare jan\u00eb t\u00eb bashkuara. I vetmi q\u00eb nuk \u00ebsht\u00eb pro k\u00ebsaj marr\u00ebveshje \u00ebsht\u00eb Lulzim Basha, q\u00eb \u00ebsht\u00eb duke mbajtur peng vul\u00ebn e PD, sigl\u00ebn e PD. Mendoj se b\u00ebn blofin.<\/p>\n<p>Nd\u00ebr t\u00eb tjera ai tha se Basha nuk ka kandidat\u00eb p\u00ebr zgjedhjet e 6 marsit, sepse askush nuk pranon q\u00eb t\u00eb jet\u00eb kandidat n\u00eb krah t\u00eb tij duke qen\u00eb se baz\u00ebn e PD e ka kund\u00ebr.<\/p>\n<p>Luan Ba\u00e7i: Basha nuk ka k\u00eb kandidat\u00eb t\u00eb zyrtarizoj\u00eb, p\u00ebr arsye se shum\u00eb kandidat\u00eb nuk i pranojn\u00eb\u00a0 gar\u00ebn me firm\u00ebn e Bash\u00ebs, pasi e shikojn\u00eb\u00a0 se nuk ka mb\u00ebshtetjen e baz\u00ebs. Ai e ka problemin n\u00eb t\u00eb 6 bashkit\u00eb.<\/p>\n<p>PD \u00ebsht\u00eb n\u00eb nj\u00eb konflikt t\u00eb brendsh\u00ebm, konflikt i cili ka degraduar prej nj\u00eb njeriu t\u00eb vet\u00ebm, dhe kat\u00ebr 5 mb\u00ebshtet\u00ebsit e tij q\u00eb dalin n\u00ebp\u00ebr studio televizive, nd\u00ebrsa pjesa tjet\u00ebr e PD \u00ebsht\u00eb e gjitha bashk\u00eb.<\/p>","protected":false},"excerpt":{"rendered":"<p>Deputeti i PD Luan Ba\u00e7i i pyetur se a do t\u00eb ket\u00eb negociata me parti t\u00eb tjera, ai e konfirmoi duke th\u00ebn\u00eb se koalicionit \u201cSht\u00ebpia e Liris\u00eb\u201d mund t\u2019i bashkohen edhe parti t\u00eb tjera opozitare. N\u00eb nj\u00eb intervist\u00eb p\u00ebr RTV Ora me gazetaren Besmira Pelushaj, Ba\u00e7i tha se t\u00eb gjith\u00eb forcat opozitare jan\u00eb s\u00eb bashku, [&hellip;]<\/p>\n","protected":false},"author":2030,"featured_media":234200,"comment_status":"closed","ping_status":"closed","sticky":false,"template":"","format":"standard","meta":{"footnotes":""},"categories":[241,3366,231,1454],"tags":[],"class_list":{"0":"post-234199","1":"post","2":"type-post","3":"status-publish","4":"format-standard","5":"has-post-thumbnail","7":"category-aktualitet","8":"category-koment","9":"category-lajme","10":"category-politike"},"_links":{"self":[{"href":"https:\/\/zjarr.tv\/en\/wp-json\/wp\/v2\/posts\/234199","targetHints":{"allow":["GET"]}}],"collection":[{"href":"https:\/\/zjarr.tv\/en\/wp-json\/wp\/v2\/posts"}],"about":[{"href":"https:\/\/zjarr.tv\/en\/wp-json\/wp\/v2\/types\/post"}],"author":[{"embeddable":true,"href":"https:\/\/zjarr.tv\/en\/wp-json\/wp\/v2\/users\/2030"}],"replies":[{"embeddable":true,"href":"https:\/\/zjarr.tv\/en\/wp-json\/wp\/v2\/comments?post=234199"}],"version-history":[{"count":0,"href":"https:\/\/zjarr.tv\/en\/wp-json\/wp\/v2\/posts\/234199\/revisions"}],"wp:featuredmedia":[{"embeddable":true,"href":"https:\/\/zjarr.tv\/en\/wp-json\/wp\/v2\/media\/234200"}],"wp:attachment":[{"href":"https:\/\/zjarr.tv\/en\/wp-json\/wp\/v2\/media?parent=234199"}],"wp:term":[{"taxonomy":"category","embeddable":true,"href":"https:\/\/zjarr.tv\/en\/wp-json\/wp\/v2\/categories?post=234199"},{"taxonomy":"post_tag","embeddable":true,"href":"https:\/\/zjarr.tv\/en\/wp-json\/wp\/v2\/tags?post=234199"}],"curies":[{"name":"wp","href":"https:\/\/api.w.org\/{rel}","templated":true}]}}