{"id":234207,"date":"2022-02-01T18:06:32","date_gmt":"2022-02-01T17:06:32","guid":{"rendered":"https:\/\/zjarr.tv\/?p=234207"},"modified":"2022-02-01T18:06:32","modified_gmt":"2022-02-01T17:06:32","slug":"princ-leka-citon-fjalet-e-kadarese-per-mbretereshen-geraldine-vendimi-per-tu-kthyer-ne-atdhe-nje-lajm-i-gezuar-per-te-gjithe-ne","status":"publish","type":"post","link":"https:\/\/zjarr.tv\/en\/princ-leka-citon-fjalet-e-kadarese-per-mbretereshen-geraldine-vendimi-per-tu-kthyer-ne-atdhe-nje-lajm-i-gezuar-per-te-gjithe-ne\/","title":{"rendered":"Princ Leka citon fjal\u00ebt e Kadares\u00eb p\u00ebr Mbret\u00ebresh\u00ebn Geraldin\u00eb: Vendimi p\u00ebr t\u2019u kthyer n\u00eb atdhe, nj\u00eb lajm i g\u00ebzuar p\u00ebr t\u00eb gjith\u00eb ne"},"content":{"rendered":"<p>Princ Leka ka marr\u00eb pjes\u00eb sot n\u00eb p\u00ebrurimin e shtatores s\u00eb Mbret\u00ebresh\u00ebs Geraldin\u00eb n\u00eb Bulevardin Zogu I, n\u00eb sheshin pran\u00eb Ministris\u00eb s\u00eb Drejt\u00ebsis\u00eb. Ai citon fjal\u00ebt e shkrimtarit Ismail Kadare p\u00ebr gjyshen e tij, teksa shkruante se vendimi p\u00ebr t\u2019u kthyer n\u00eb atdhe ishte nj\u00eb lajm i g\u00ebzuar p\u00ebr t\u00eb gjith\u00eb shqiptar\u00ebt.<\/p>\n<p>\u201cDuke cituar mikun tim dhe t\u00eb Elias, shkrimtarin ton\u00eb t\u00eb madh Ismail Kadare, q\u00eb p\u00ebrpara 20 vitesh i shkruante k\u00ebshtu gjyshes time:<\/p>\n<p>\u201cZonj\u00eb e lart\u00eb, vendimi juaj p\u00ebr t\u2019u kthyer e p\u00ebr t\u00eb jetuar n\u00eb Shqip\u00ebri, ka qen\u00eb p\u00ebr mua, dhe kam bindjen se do t\u00eb jet\u00eb p\u00ebr shumic\u00ebn e shqiptar\u00ebve nj\u00eb lajm i g\u00ebzuar dhe jasht\u00ebzakonisht prek\u00ebs. Ju po ktheheni n\u00eb vendin q\u00eb fati e solli t\u00eb b\u00ebhet atdheu i juaj, ndon\u00ebse ky vend ju ka sjell\u00eb shum\u00eb m\u00eb tep\u00ebr brenga sesa g\u00ebzime. Me k\u00ebt\u00eb akt t\u00eb lart\u00eb, ju na jepni nj\u00eb mesazh t\u00eb gjith\u00ebve, mesazhin fisnik se: Atdheu mund t\u00eb jet\u00eb i dashur edhe kur \u00ebsht\u00eb i varf\u00ebr dhe i v\u00ebshtir\u00eb\u201d, shkruan Princ Leka.<\/p>","protected":false},"excerpt":{"rendered":"<p>Princ Leka ka marr\u00eb pjes\u00eb sot n\u00eb p\u00ebrurimin e shtatores s\u00eb Mbret\u00ebresh\u00ebs Geraldin\u00eb n\u00eb Bulevardin Zogu I, n\u00eb sheshin pran\u00eb Ministris\u00eb s\u00eb Drejt\u00ebsis\u00eb. Ai citon fjal\u00ebt e shkrimtarit Ismail Kadare p\u00ebr gjyshen e tij, teksa shkruante se vendimi p\u00ebr t\u2019u kthyer n\u00eb atdhe ishte nj\u00eb lajm i g\u00ebzuar p\u00ebr t\u00eb gjith\u00eb shqiptar\u00ebt. \u201cDuke cituar mikun [&hellip;]<\/p>\n","protected":false},"author":2030,"featured_media":234208,"comment_status":"closed","ping_status":"closed","sticky":false,"template":"","format":"standard","meta":{"footnotes":""},"categories":[241,3366],"tags":[],"class_list":{"0":"post-234207","1":"post","2":"type-post","3":"status-publish","4":"format-standard","5":"has-post-thumbnail","7":"category-aktualitet","8":"category-koment"},"_links":{"self":[{"href":"https:\/\/zjarr.tv\/en\/wp-json\/wp\/v2\/posts\/234207","targetHints":{"allow":["GET"]}}],"collection":[{"href":"https:\/\/zjarr.tv\/en\/wp-json\/wp\/v2\/posts"}],"about":[{"href":"https:\/\/zjarr.tv\/en\/wp-json\/wp\/v2\/types\/post"}],"author":[{"embeddable":true,"href":"https:\/\/zjarr.tv\/en\/wp-json\/wp\/v2\/users\/2030"}],"replies":[{"embeddable":true,"href":"https:\/\/zjarr.tv\/en\/wp-json\/wp\/v2\/comments?post=234207"}],"version-history":[{"count":0,"href":"https:\/\/zjarr.tv\/en\/wp-json\/wp\/v2\/posts\/234207\/revisions"}],"wp:featuredmedia":[{"embeddable":true,"href":"https:\/\/zjarr.tv\/en\/wp-json\/wp\/v2\/media\/234208"}],"wp:attachment":[{"href":"https:\/\/zjarr.tv\/en\/wp-json\/wp\/v2\/media?parent=234207"}],"wp:term":[{"taxonomy":"category","embeddable":true,"href":"https:\/\/zjarr.tv\/en\/wp-json\/wp\/v2\/categories?post=234207"},{"taxonomy":"post_tag","embeddable":true,"href":"https:\/\/zjarr.tv\/en\/wp-json\/wp\/v2\/tags?post=234207"}],"curies":[{"name":"wp","href":"https:\/\/api.w.org\/{rel}","templated":true}]}}