{"id":234211,"date":"2022-02-01T18:30:43","date_gmt":"2022-02-01T17:30:43","guid":{"rendered":"https:\/\/zjarr.tv\/?p=234211"},"modified":"2022-02-01T18:30:43","modified_gmt":"2022-02-01T17:30:43","slug":"koalicioni-berisha-lsi-elezi-rendit-5-arsyet-ja-pse-eshte-i-gabuar-kjo-do-ishte-rruga-e-duhur-per-regjistrim-e-kandidateve","status":"publish","type":"post","link":"https:\/\/zjarr.tv\/en\/koalicioni-berisha-lsi-elezi-rendit-5-arsyet-ja-pse-eshte-i-gabuar-kjo-do-ishte-rruga-e-duhur-per-regjistrim-e-kandidateve\/","title":{"rendered":"Koalicioni Berisha-LSI\/ Elezi rendit 5 arsyet: Ja pse \u00ebsht\u00eb i gabuar, kjo do ishte rruga e duhur p\u00ebr regjistrim e kandidat\u00ebve"},"content":{"rendered":"<p>Ish kreu i PD-s\u00eb s\u00eb Kuk\u00ebsit Ibsen Elezi, vijon t\u00eb shpreh\u00eb bindjen e tij se koalicioni mes Sali Berish\u00ebs dhe LSI p\u00ebr zgjedhjet e pjesshme vendore t\u00eb 6 marsit \u00ebsht\u00eb e gabuar p\u00ebr demokracin\u00eb e vendit.<\/p>\n<p>N\u00eb nj\u00eb postim n\u00eb Facebook, Elezi, teksa shprehet se ky koalicion nuk \u00ebsht\u00eb i drejt\u00eb, rendit edhe pes\u00eb fakte p\u00ebr ta v\u00ebrtetuar. P\u00ebr t\u00eb, rruga m\u00eb e drejt\u00eb q\u00eb duhet t\u00eb ndiqej n\u00eb nj\u00eb situat\u00eb t\u00eb till\u00eb, ishte regjistrimi i kandidat\u00ebve t\u00eb dal\u00eb nga primaret si t\u00eb pavarur.<\/p>\n<p>Reagimi i plot\u00eb:<\/p>\n<p>Jam konseguent i mendimeve te mia ! Mendimi im per koalicionin me LSI ka qene konstant qe nga 2009, 2013 dhe ne kuvendin e 2018 e kam cilesuar si vrastar per PD dhe te djathten,\u00a0 gje e cila u mbeshtet\u00a0 masivisht nga delegatet e kuvendit. Ata qe e shohin qendrimin tim si qendrim te momentit jane te gabuar. Une s\u2019kam pse ndryshoj mendim per shkak se\u00a0 S29 dhe Berisha mendojne ndryshe, per me teper qe jane edhe te gabuar.<\/p>\n<p>Shoh qe kryesisht ket koalicion\u00a0 e perkrahin qorrazi Berishistet, me ket kategori kam debate te vazhdueshme\u00a0 qe nga 2018, atehere kur ishin njeheras edhe Lulezimsa, pas 25 prillit kur ishin njekohesisht edhe Luledhimsa, pas ne 13 qershor kur ishin manipulues brenda shtepise se tyre (e konfirmuar nga Paloka) dhe pas 17 korrik 2021 kur manipuluat kuvendin e uzurpimit perfundimisht PD nga Luli. Duke pare shume demokrat qe nuk jane thelluar, ne respekt te tyre do mundohem ta shpjegoj situaten. Pse kualicioni me LSI eshte i gabuar:<\/p>\n<p>Se pari LSI eshte nje parti tipike e ekstremit te majte, qe eshte shume afer PS dhe larg nesh me fryme konservatore.<\/p>\n<p>Se dyti marrveshja ne 2009 u mbyll me mje akt tradhetie ne 2013\u00a0 nga ana e LSI, e deklaruar nga Berisha ate kohe.<\/p>\n<p>Se treti, qe nga 2009\u00a0 i eshte meshuar forte faktit qe pa LSI jemi minorance, gje e cila jo vetem ndikon ne krijimin e nje mentaliteti humbes por edhe duke ndrydhur idete dhe iniciativat qe PD te jete force maxhoritare.<\/p>\n<p>Se katerti, kuvendi i PD i ngarkoi G29 nje detyre per rithemelimin e PD, duke u mbeshtetur fort ne parime morale per te krijuar nje force maxhoritare, ne idete disfatiste\u00a0 se pa LSI nuk fitojme dot.<\/p>\n<p>Se pesti une kam qene dhe jam i idese qe shqiptaret kane nevojen\u00a0 e nje politike krykeput ndryshe, e ringjalljen e frymes se besimit per te larguar jo vetem Ramen me gjithe sistemin e ngritur. Rruga e moralit eshte e veshtire dhe me shume beteja por eshte e vetmja.<\/p>\n<p>Nese duam te jemi force mazhoritare qe te bejme ndryshimin per mire te ketij vendi, duhet tu japim prova demokrateve dhe shqiptareve se do ndahemi nga koncepti qe politika eshte imorale,\u00a0 njerzit e bejne ate te moralshme ose joo. Bashkepunimi\u00a0 me tradhetarin nuk eshte imoralitet por poshtersia me e madhe,\u00a0 kjo e vret BESIMIN dhe FRYMEN.<\/p>\n<p>Nga ana teknike ky koalicion hap debate mes nesh dhe nese frymezon Berishistet, shumicen e demokrateve i demoralizon, kujt i vlen kjo ?! Te bashkpunosh me tradhetarin eshte strategji dhe ta kundershtosh je percares, a e kuptoni se sa ngjani me lulezimsat ?! Per te gjitha ata qe mendojne se per arsye teknike duhet te shkelin ket parimm e kane gabim, zgjidhjet teknike ekzistojne gjithmone.<\/p>\n<p>Per ju qe kerkoni zgjidhje per 6 marsin: Dalja me kandidat te pavarur eshte e mundur dhe e thjeshte. Ruajtja e votave me vezhgues eshte e mundur me ane te vezhguesve nga kandidatet e pavarur dhe PD. Keshtu ruhet edhe fytyra. Vullneti i shumices demokrateve eshte kunder koalicionit me LSI, kush jane keta qe vendosin kunder vullnetit te shumices me modelin e Lulit ?!<\/p>\n<p>Te sheses parimet per arsye teknike eshte si te shesesh shpirtin per nje gisht. Kete\u00a0 e bej ne mbeshtetje te atyre kandidateve qe ne 6 mars do garojne jo vetem per mandatin e tyre por edhe per fatet e PD dhe demokracise see vendin tone.<\/p>\n<p>PS : per ata qe nuk jane te kenaqur me zgjidhjet teknike dhe thone prape :- \u201ccfare te bejme ?!\u201d, ju them- \u201cnese skeni c\u2019beni, te pakten mos u beni rezil\u201c.<\/p>","protected":false},"excerpt":{"rendered":"<p>Ish kreu i PD-s\u00eb s\u00eb Kuk\u00ebsit Ibsen Elezi, vijon t\u00eb shpreh\u00eb bindjen e tij se koalicioni mes Sali Berish\u00ebs dhe LSI p\u00ebr zgjedhjet e pjesshme vendore t\u00eb 6 marsit \u00ebsht\u00eb e gabuar p\u00ebr demokracin\u00eb e vendit. N\u00eb nj\u00eb postim n\u00eb Facebook, Elezi, teksa shprehet se ky koalicion nuk \u00ebsht\u00eb i drejt\u00eb, rendit edhe pes\u00eb fakte [&hellip;]<\/p>\n","protected":false},"author":2030,"featured_media":234212,"comment_status":"closed","ping_status":"closed","sticky":false,"template":"","format":"standard","meta":{"footnotes":""},"categories":[241,3366,1454],"tags":[],"class_list":{"0":"post-234211","1":"post","2":"type-post","3":"status-publish","4":"format-standard","5":"has-post-thumbnail","7":"category-aktualitet","8":"category-koment","9":"category-politike"},"_links":{"self":[{"href":"https:\/\/zjarr.tv\/en\/wp-json\/wp\/v2\/posts\/234211","targetHints":{"allow":["GET"]}}],"collection":[{"href":"https:\/\/zjarr.tv\/en\/wp-json\/wp\/v2\/posts"}],"about":[{"href":"https:\/\/zjarr.tv\/en\/wp-json\/wp\/v2\/types\/post"}],"author":[{"embeddable":true,"href":"https:\/\/zjarr.tv\/en\/wp-json\/wp\/v2\/users\/2030"}],"replies":[{"embeddable":true,"href":"https:\/\/zjarr.tv\/en\/wp-json\/wp\/v2\/comments?post=234211"}],"version-history":[{"count":0,"href":"https:\/\/zjarr.tv\/en\/wp-json\/wp\/v2\/posts\/234211\/revisions"}],"wp:featuredmedia":[{"embeddable":true,"href":"https:\/\/zjarr.tv\/en\/wp-json\/wp\/v2\/media\/234212"}],"wp:attachment":[{"href":"https:\/\/zjarr.tv\/en\/wp-json\/wp\/v2\/media?parent=234211"}],"wp:term":[{"taxonomy":"category","embeddable":true,"href":"https:\/\/zjarr.tv\/en\/wp-json\/wp\/v2\/categories?post=234211"},{"taxonomy":"post_tag","embeddable":true,"href":"https:\/\/zjarr.tv\/en\/wp-json\/wp\/v2\/tags?post=234211"}],"curies":[{"name":"wp","href":"https:\/\/api.w.org\/{rel}","templated":true}]}}