{"id":234215,"date":"2022-02-01T18:35:32","date_gmt":"2022-02-01T17:35:32","guid":{"rendered":"https:\/\/zjarr.tv\/?p=234215"},"modified":"2022-02-01T18:35:32","modified_gmt":"2022-02-01T17:35:32","slug":"foto-pushteti-i-trete-dhe-pushteti-i-katert-kikia-gazetaret-i-kane-futur-ne-biruce","status":"publish","type":"post","link":"https:\/\/zjarr.tv\/en\/foto-pushteti-i-trete-dhe-pushteti-i-katert-kikia-gazetaret-i-kane-futur-ne-biruce\/","title":{"rendered":"FOTO\/ \u201cPushteti i tret\u00eb dhe pushteti i kat\u00ebrt\u201d\/ Kikia: Gazetar\u00ebt i kan\u00eb futur n\u00eb \u201cbiruc\u00eb\u201d"},"content":{"rendered":"<p>Nd\u00ebrsa n\u00eb Gjykat\u00ebn Kushtetuese zhvillohet seanca q\u00eb do t\u00eb vendos\u00eb p\u00ebr \u201cfatin\u201d e presidentit Ilir Meta, ka ardhur nj\u00eb reagim edhe nga gazetari Mentor Kikia. N\u00eb nj\u00eb postim n\u00eb rrjetet sociale, Kikia ka publikuar disa foto t\u00eb gazetar\u00ebve q\u00eb ndjekin seanc\u00ebn si dhe t\u00eb trup\u00ebs gjykuese.<\/p>\n<p>Kikia shkruan se pushteti i kat\u00ebrt, i cili do t\u00eb informoj\u00eb publikun p\u00ebr \u00e7far\u00eb do t\u00eb vendos\u00eb pushteti i tret\u00eb, \u00ebsht\u00eb futur n\u00eb nj\u00eb kthin\u00eb. Esht\u00eb nj\u00eb lloj \u201cbiruce\u201d, q\u00eb quhet dhoma e medias.<\/p>\n<p>\u201cPushteti i tret\u00eb \u00ebsht\u00eb duke diskutuar nj\u00eb \u00e7\u00ebshtje shum\u00eb t\u00eb r\u00ebnd\u00ebsishme, si\u00e7 \u00ebsht\u00eb fati i Presidentit t\u00eb Republik\u00ebs. Gjykat\u00ebsit jan\u00eb n\u00eb nj\u00eb sall\u00eb t\u00eb madhe e komode.<\/p>\n<p>Pushteti i kat\u00ebrt, i cili do t\u00eb informoj\u00eb publikun p\u00ebr \u00e7far\u00eb do t\u00eb vendos\u00eb pushteti i tret\u00eb, \u00ebsht\u00eb futur n\u00eb nj\u00eb kthin\u00eb. Esht\u00eb nj\u00eb lloj \u201cbiruce\u201d, q\u00eb quhet dhoma e medias. Nga k\u00ebtu gazetar\u00ebt do t\u00eb ndjekin live punimet e seanc\u00ebs, pasi ata nuk lejohen n\u00eb sall\u00eb.<\/p>\n<p>N\u00eb fund t\u00eb legjislatur\u00ebs s\u00eb kaluar n\u00eb Kuvend, u vendos\u00eb q\u00eb mediat t\u00eb mos pranohen fare ne mbledhjet e komisioneve parlamentare, sepse nuk kishte vend. Pra, media \u00ebsht\u00eb nj\u00eb opsion, n\u00ebse ka vend e pranojm\u00eb, n\u00ebse jo, jasht\u00eb! Ose e l\u00ebm\u00eb aty n\u00eb nj\u00eb zg\u00ebq.<\/p>\n<p>T\u00eb tre pushtetet e para, jan\u00eb thuajse t\u00eb vdekur pa t\u00eb kat\u00ebrtin. Parlamenti, qeveria pushojn\u00eb se ekzistuari n\u00ebse nuk shfaqen ne ekranet e televizoneve. Por kur vjen puna tek respketimi i nj\u00ebri-tjetrit, ja se si sillen.<\/p>\n<p>Ky \u00ebsht\u00eb tregues i standardit t\u00eb shtetit. Shumica e k\u00ebtyre gazetar\u00ebve kan\u00eb ndjekur konferenca jasht\u00eb vendit dhe kan\u00eb par\u00eb se pas sall\u00ebs s\u00eb mbledhjeve, salla e dyt\u00eb m\u00eb e r\u00ebnd\u00ebsishme \u00ebsht\u00eb salla e shtypit.<\/p>\n<p>P.S: E di q\u00eb do t\u00eb thoni se mir\u00eb ua b\u00ebjn\u00eb, sepse ju u shkoni pas atyre, sepse ju i mb\u00ebshtesni e i promovoni etj, etj\u2026por nuk \u00ebsht\u00eb ky rasti.\u201d-shkruan Mentor Kikia.<\/p>\n<p><img loading=\"lazy\" decoding=\"async\" class=\"alignnone size-medium wp-image-234217\" src=\"https:\/\/zjarr.tv\/wp-content\/uploads\/2022\/02\/gazetaret-300x200.jpg\" alt=\"\" width=\"300\" height=\"200\" srcset=\"https:\/\/zjarr.tv\/wp-content\/uploads\/2022\/02\/gazetaret-300x200.jpg 300w, https:\/\/zjarr.tv\/wp-content\/uploads\/2022\/02\/gazetaret.jpg 593w\" sizes=\"auto, (max-width: 300px) 100vw, 300px\" \/> <img loading=\"lazy\" decoding=\"async\" class=\"alignnone size-medium wp-image-234218\" src=\"https:\/\/zjarr.tv\/wp-content\/uploads\/2022\/02\/gazetaret-2-300x200.jpg\" alt=\"\" width=\"300\" height=\"200\" srcset=\"https:\/\/zjarr.tv\/wp-content\/uploads\/2022\/02\/gazetaret-2-300x200.jpg 300w, https:\/\/zjarr.tv\/wp-content\/uploads\/2022\/02\/gazetaret-2-696x464.jpg 696w, https:\/\/zjarr.tv\/wp-content\/uploads\/2022\/02\/gazetaret-2-630x420.jpg 630w, https:\/\/zjarr.tv\/wp-content\/uploads\/2022\/02\/gazetaret-2.jpg 750w\" sizes=\"auto, (max-width: 300px) 100vw, 300px\" \/> <img loading=\"lazy\" decoding=\"async\" class=\"alignnone size-medium wp-image-234219\" src=\"https:\/\/zjarr.tv\/wp-content\/uploads\/2022\/02\/gazetarett-300x211.jpg\" alt=\"\" width=\"300\" height=\"211\" srcset=\"https:\/\/zjarr.tv\/wp-content\/uploads\/2022\/02\/gazetarett-300x211.jpg 300w, https:\/\/zjarr.tv\/wp-content\/uploads\/2022\/02\/gazetarett-696x489.jpg 696w, https:\/\/zjarr.tv\/wp-content\/uploads\/2022\/02\/gazetarett-598x420.jpg 598w, https:\/\/zjarr.tv\/wp-content\/uploads\/2022\/02\/gazetarett-100x70.jpg 100w, https:\/\/zjarr.tv\/wp-content\/uploads\/2022\/02\/gazetarett.jpg 712w\" sizes=\"auto, (max-width: 300px) 100vw, 300px\" \/><\/p>","protected":false},"excerpt":{"rendered":"<p>Nd\u00ebrsa n\u00eb Gjykat\u00ebn Kushtetuese zhvillohet seanca q\u00eb do t\u00eb vendos\u00eb p\u00ebr \u201cfatin\u201d e presidentit Ilir Meta, ka ardhur nj\u00eb reagim edhe nga gazetari Mentor Kikia. N\u00eb nj\u00eb postim n\u00eb rrjetet sociale, Kikia ka publikuar disa foto t\u00eb gazetar\u00ebve q\u00eb ndjekin seanc\u00ebn si dhe t\u00eb trup\u00ebs gjykuese. Kikia shkruan se pushteti i kat\u00ebrt, i cili do [&hellip;]<\/p>\n","protected":false},"author":2030,"featured_media":234216,"comment_status":"closed","ping_status":"closed","sticky":false,"template":"","format":"standard","meta":{"footnotes":""},"categories":[241,3366,5380,231],"tags":[],"class_list":{"0":"post-234215","1":"post","2":"type-post","3":"status-publish","4":"format-standard","5":"has-post-thumbnail","7":"category-aktualitet","8":"category-koment","9":"category-kryesore","10":"category-lajme"},"_links":{"self":[{"href":"https:\/\/zjarr.tv\/en\/wp-json\/wp\/v2\/posts\/234215","targetHints":{"allow":["GET"]}}],"collection":[{"href":"https:\/\/zjarr.tv\/en\/wp-json\/wp\/v2\/posts"}],"about":[{"href":"https:\/\/zjarr.tv\/en\/wp-json\/wp\/v2\/types\/post"}],"author":[{"embeddable":true,"href":"https:\/\/zjarr.tv\/en\/wp-json\/wp\/v2\/users\/2030"}],"replies":[{"embeddable":true,"href":"https:\/\/zjarr.tv\/en\/wp-json\/wp\/v2\/comments?post=234215"}],"version-history":[{"count":0,"href":"https:\/\/zjarr.tv\/en\/wp-json\/wp\/v2\/posts\/234215\/revisions"}],"wp:featuredmedia":[{"embeddable":true,"href":"https:\/\/zjarr.tv\/en\/wp-json\/wp\/v2\/media\/234216"}],"wp:attachment":[{"href":"https:\/\/zjarr.tv\/en\/wp-json\/wp\/v2\/media?parent=234215"}],"wp:term":[{"taxonomy":"category","embeddable":true,"href":"https:\/\/zjarr.tv\/en\/wp-json\/wp\/v2\/categories?post=234215"},{"taxonomy":"post_tag","embeddable":true,"href":"https:\/\/zjarr.tv\/en\/wp-json\/wp\/v2\/tags?post=234215"}],"curies":[{"name":"wp","href":"https:\/\/api.w.org\/{rel}","templated":true}]}}