{"id":234238,"date":"2022-02-01T20:26:10","date_gmt":"2022-02-01T19:26:10","guid":{"rendered":"https:\/\/zjarr.tv\/?p=234238"},"modified":"2022-02-01T20:26:10","modified_gmt":"2022-02-01T19:26:10","slug":"meta-shqiperise-i-nevojiten-vetem-2-gjera-per-te-ndryshuar-qe-jane-vota-e-lire-dhe-referendumet","status":"publish","type":"post","link":"https:\/\/zjarr.tv\/en\/meta-shqiperise-i-nevojiten-vetem-2-gjera-per-te-ndryshuar-qe-jane-vota-e-lire-dhe-referendumet\/","title":{"rendered":"Meta: Shqip\u00ebris\u00eb i nevojiten vet\u00ebm 2 gj\u00ebra p\u00ebr t\u00eb ndryshuar, q\u00eb jan\u00eb vota e lir\u00eb dhe referendumet"},"content":{"rendered":"<p>Presidenti i vendit, Ilir Meta ka qen\u00eb i ftuar mbr\u00ebmjen e sotme n\u00eb emisionin \u201cPushteti\u201d me Juela Me\u00e7anin n\u00eb Fax News.<\/p>\n<p>Ai ka deklaruar se pasioni p\u00ebr t\u00eb vizituar vende t\u00eb ndryshme t\u00eb Shqip\u00ebris\u00eb i ka lindur pas shoqerimit me poetin e madh shqiptar, Drit\u00ebro Agollin.<\/p>\n<p>Meta thekson se po nuk dole t\u00eb takohesh me qytetar\u00ebt , at\u00ebher\u00eb nuk kupton asgj\u00eb nga problemet e vendit.<\/p>\n<p>M\u00eb tej, Meta thot\u00eb se Shqip\u00ebris\u00eb i nevojiten vet\u00ebm 2 gj\u00ebra p\u00ebr t\u00eb ndryshuar, q\u00eb jan\u00eb vota e lir\u00eb dhe referendumet.<\/p>\n<p>Pjes\u00eb nga biseda<\/p>\n<p>Me\u00e7ani: Kam par\u00eb di\u00e7ka q\u00eb nuk ka ndryshuar te ju. Ju keni zgjedhur t\u00eb mos q\u00ebndroni n\u00eb Presidenc\u00eb, por t\u00eb kaloni koh\u00eb p\u00ebrreth Shqip\u00ebris\u00eb. \u00cbsht\u00eb strategji?<\/p>\n<p>Meta: K\u00ebshtu nd\u00ebrtohet njeriu dhe un\u00eb k\u00ebshtu jam nd\u00ebrtuar, dhe kam patur nj\u00eb mik t\u00eb jasht\u00ebzakonsh\u00ebm, shkrimtari Drit\u00ebro Agolli, kur isha i ri, dhe rrija gjith\u00eb dit\u00ebn me t\u00eb. M\u00eb dukej vetja i r\u00ebnd\u00ebsish\u00ebm kur rrija me t\u00eb. Drit\u00ebroi nuk rrinte dot n\u00eb Tiran\u00eb , por donte t\u00eb shkonte sa m\u00eb shum\u00eb n\u00eb vendet e Shqip\u00ebris\u00eb dhe sd\u00ebshironte t\u00eb flinte ne sht\u00ebpit\u00eb e shqiptar\u00ebve dhe t\u00eb m\u00ebsonte nga ata. Ndiehj i plot\u00ebsuar. K\u00ebt\u00eb e kam t\u00eb natyrshme. Po nuk takove njer\u00ebzit, nuk kupton asgj\u00eb.<\/p>\n<p> \u00cbsht\u00eb e vetmja m\u00ebnyr\u00eb p\u00ebr t\u00eb kuptuar si pulson Shqip\u00ebria dhe cilat jan\u00eb problemet e saj. Shqip\u00ebria jon\u00eb \u00ebsht\u00eb e jasht\u00ebzakonshme. Presidenti i vendit, Ilir Meta ka qen\u00eb i ftuar mbr\u00ebmjen e sotme n\u00eb emisionin \u201cPushteti\u201d me Juela Me\u00e7anin n\u00eb Fax News.<\/p>","protected":false},"excerpt":{"rendered":"<p>Presidenti i vendit, Ilir Meta ka qen\u00eb i ftuar mbr\u00ebmjen e sotme n\u00eb emisionin \u201cPushteti\u201d me Juela Me\u00e7anin n\u00eb Fax News. Ai ka deklaruar se pasioni p\u00ebr t\u00eb vizituar vende t\u00eb ndryshme t\u00eb Shqip\u00ebris\u00eb i ka lindur pas shoqerimit me poetin e madh shqiptar, Drit\u00ebro Agollin. Meta thekson se po nuk dole t\u00eb takohesh me [&hellip;]<\/p>\n","protected":false},"author":2031,"featured_media":178448,"comment_status":"closed","ping_status":"closed","sticky":false,"template":"","format":"standard","meta":{"footnotes":""},"categories":[1],"tags":[],"class_list":{"0":"post-234238","1":"post","2":"type-post","3":"status-publish","4":"format-standard","5":"has-post-thumbnail","7":"category-uncategorized-sq"},"_links":{"self":[{"href":"https:\/\/zjarr.tv\/en\/wp-json\/wp\/v2\/posts\/234238","targetHints":{"allow":["GET"]}}],"collection":[{"href":"https:\/\/zjarr.tv\/en\/wp-json\/wp\/v2\/posts"}],"about":[{"href":"https:\/\/zjarr.tv\/en\/wp-json\/wp\/v2\/types\/post"}],"author":[{"embeddable":true,"href":"https:\/\/zjarr.tv\/en\/wp-json\/wp\/v2\/users\/2031"}],"replies":[{"embeddable":true,"href":"https:\/\/zjarr.tv\/en\/wp-json\/wp\/v2\/comments?post=234238"}],"version-history":[{"count":0,"href":"https:\/\/zjarr.tv\/en\/wp-json\/wp\/v2\/posts\/234238\/revisions"}],"wp:featuredmedia":[{"embeddable":true,"href":"https:\/\/zjarr.tv\/en\/wp-json\/wp\/v2\/media\/178448"}],"wp:attachment":[{"href":"https:\/\/zjarr.tv\/en\/wp-json\/wp\/v2\/media?parent=234238"}],"wp:term":[{"taxonomy":"category","embeddable":true,"href":"https:\/\/zjarr.tv\/en\/wp-json\/wp\/v2\/categories?post=234238"},{"taxonomy":"post_tag","embeddable":true,"href":"https:\/\/zjarr.tv\/en\/wp-json\/wp\/v2\/tags?post=234238"}],"curies":[{"name":"wp","href":"https:\/\/api.w.org\/{rel}","templated":true}]}}