{"id":234248,"date":"2022-02-01T21:13:23","date_gmt":"2022-02-01T20:13:23","guid":{"rendered":"https:\/\/zjarr.tv\/?p=234248"},"modified":"2022-02-01T21:13:23","modified_gmt":"2022-02-01T20:13:23","slug":"meta-tregon-planet-e-bera-para-25-prillit-doja-nje-mandat-tjeter-me-pas-ambasador-ne-suedi-apo-danimarke","status":"publish","type":"post","link":"https:\/\/zjarr.tv\/en\/meta-tregon-planet-e-bera-para-25-prillit-doja-nje-mandat-tjeter-me-pas-ambasador-ne-suedi-apo-danimarke\/","title":{"rendered":"Meta tregon planet e b\u00ebra para 25 Prillit: Doja nj\u00eb mandat tjet\u00ebr, m\u00eb pas ambasador n\u00eb Suedi apo Danimark\u00eb"},"content":{"rendered":"<p>Presidenti Ilir Meta ka treguar se kishte plan t\u00eb kandidonte p\u00ebr nj\u00eb mandat tjet\u00ebr si President, por zgjedhjet e 25 Prillit ia prish\u00ebn t\u00eb gjitha planet.<\/p>\n<p>Sipas tij, mandati i dyt\u00eb do t\u2019i sh\u00ebrbente p\u00ebr t\u00eb forcuar mekanizmat kontrolluese t\u00eb Presidentit t\u00eb ri q\u00eb do vinte pas tij, nd\u00ebrsa tregoi se m\u00eb pas do t\u00eb donte t\u00eb b\u00ebhej ambasador n\u00eb Suedi apo Danimark\u00eb.<\/p>\n<p>Pjes\u00eb nga biseda n\u00eb Fax Tv<\/p>\n<p>Me\u00e7ani: Zgjedhjet e 25 prillit. Kur ka nisur trukimi?<\/p>\n<p>Meta: Ka qen\u00eb e qart\u00eb. Ka nisur para 17 majit. Kam vet\u00ebm nj\u00eb mesazh, n\u00eb zgjdhjet e 6 marsit t\u00eb vendosim integritetin e vot\u00ebs s\u00eb lir\u00eb. Na duhet patjet\u00ebr q\u00eb t\u00eb jemi bashk\u00eb me Maqedonin\u00eb e Veriut p\u00ebr hapjen e negociatave brenda 6 muajve t\u00eb ardhsh\u00ebm. Ata donin patjet\u00ebr q\u00eb un\u00eb t\u00eb behesha President, se ata kishin planet e tyre p\u00ebr asgjesimin e LSI. Planin e kisha, t\u00eb marr nj\u00eb mandat tjet\u00ebr si president, n\u00ebse do pranonin. Besoja se opozita do pranonte. P\u00ebr nj\u00eb President pas Ilir Met\u00ebs, q\u00eb nuk ka eksperienc\u00ebn e tij, t\u00eb b\u00ebjm\u00eb disa ndryshime, dhe t\u2019i l\u00ebm\u00eb presidentit t\u00eb ardhsh\u00ebm disa instrumenta q\u00eb t\u00eb mbronte shtetin. M\u00eb pas, do ti futesha diplomacis\u00eb. E kam menduar t\u00eb b\u00ebh\u00ebm amabsador n\u00eb Danimark\u00eb, apo Suedi. Un\u00eb e kam v\u00ebshtir\u00eb t\u2019i hyj nj\u00eb karrier\u00eb tjet\u00ebr. Do m\u00eb p\u00eblqente shum\u00eb ideja ambasador n\u00eb Danimark\u00eb apo Suedi.<\/p>\n<p>Me\u00e7ani: A nuk \u00ebsht\u00eb mosh\u00eb e r\u00eb p\u00ebr t\u2019u shk\u00ebputur?<\/p>\n<p>Meta: Pse duhet t\u00eb merrem un\u00eb n\u00ebse vendi ec\u00ebn normalisht. Un\u00eb shqet\u00ebsime kisha at\u00ebher\u00eb por nuk mund t\u2019i thoja t\u00eb gjitha. Nuk ka njer\u00ebz q\u00eb nuk e kuptonin q\u00eb ky president e ka nj\u00eb shqet\u00ebsim. Shqet\u00ebsimi ishte i qart\u00eb q\u00eb kur u lan\u00eb mandatet. Kjo nuk ka t\u00eb b\u00ebj\u00eb me presidentin por me sjelljen e tyre ndaj shtetit. Po t\u00eb kishim drejt\u00ebsi t\u00eb pavarur, ata q\u00eb b\u00ebjn\u00eb loj\u00ebra me GJK do t\u00eb ishin n\u00eb burg. M\u00eb gjeni sot emrin e nj\u00eb k\u00ebshilltari q\u00eb k\u00ebrkon llogari n\u00eb bashkit\u00eb e Shqip\u00ebris\u00eb?<\/p>","protected":false},"excerpt":{"rendered":"<p>Presidenti Ilir Meta ka treguar se kishte plan t\u00eb kandidonte p\u00ebr nj\u00eb mandat tjet\u00ebr si President, por zgjedhjet e 25 Prillit ia prish\u00ebn t\u00eb gjitha planet. Sipas tij, mandati i dyt\u00eb do t\u2019i sh\u00ebrbente p\u00ebr t\u00eb forcuar mekanizmat kontrolluese t\u00eb Presidentit t\u00eb ri q\u00eb do vinte pas tij, nd\u00ebrsa tregoi se m\u00eb pas do t\u00eb [&hellip;]<\/p>\n","protected":false},"author":2031,"featured_media":179301,"comment_status":"closed","ping_status":"closed","sticky":false,"template":"","format":"standard","meta":{"footnotes":""},"categories":[231],"tags":[],"class_list":{"0":"post-234248","1":"post","2":"type-post","3":"status-publish","4":"format-standard","5":"has-post-thumbnail","7":"category-lajme"},"_links":{"self":[{"href":"https:\/\/zjarr.tv\/en\/wp-json\/wp\/v2\/posts\/234248","targetHints":{"allow":["GET"]}}],"collection":[{"href":"https:\/\/zjarr.tv\/en\/wp-json\/wp\/v2\/posts"}],"about":[{"href":"https:\/\/zjarr.tv\/en\/wp-json\/wp\/v2\/types\/post"}],"author":[{"embeddable":true,"href":"https:\/\/zjarr.tv\/en\/wp-json\/wp\/v2\/users\/2031"}],"replies":[{"embeddable":true,"href":"https:\/\/zjarr.tv\/en\/wp-json\/wp\/v2\/comments?post=234248"}],"version-history":[{"count":0,"href":"https:\/\/zjarr.tv\/en\/wp-json\/wp\/v2\/posts\/234248\/revisions"}],"wp:featuredmedia":[{"embeddable":true,"href":"https:\/\/zjarr.tv\/en\/wp-json\/wp\/v2\/media\/179301"}],"wp:attachment":[{"href":"https:\/\/zjarr.tv\/en\/wp-json\/wp\/v2\/media?parent=234248"}],"wp:term":[{"taxonomy":"category","embeddable":true,"href":"https:\/\/zjarr.tv\/en\/wp-json\/wp\/v2\/categories?post=234248"},{"taxonomy":"post_tag","embeddable":true,"href":"https:\/\/zjarr.tv\/en\/wp-json\/wp\/v2\/tags?post=234248"}],"curies":[{"name":"wp","href":"https:\/\/api.w.org\/{rel}","templated":true}]}}