{"id":234250,"date":"2022-02-01T21:19:06","date_gmt":"2022-02-01T20:19:06","guid":{"rendered":"https:\/\/zjarr.tv\/?p=234250"},"modified":"2022-02-01T21:19:06","modified_gmt":"2022-02-01T20:19:06","slug":"publikohet-propozimi-i-pare-i-pd-se-per-zgjedhjet-e-6-marsit-ja-cilin-ka-zgjedhur-dega-e-durresit-si-kandidat-per-kryetar-bashkie","status":"publish","type":"post","link":"https:\/\/zjarr.tv\/en\/publikohet-propozimi-i-pare-i-pd-se-per-zgjedhjet-e-6-marsit-ja-cilin-ka-zgjedhur-dega-e-durresit-si-kandidat-per-kryetar-bashkie\/","title":{"rendered":"Publikohet propozimi i par\u00eb i PD-s\u00eb p\u00ebr zgjedhjet e 6 Marsit, ja cilin ka zgjedhur dega e Durr\u00ebsit si kandidat p\u00ebr kryetar bashkie"},"content":{"rendered":"<p>Luan Hoti \u00ebsht\u00eb emri i propozuar nga dega e Partis\u00eb Demokratike e Durr\u00ebsit si kandidat p\u00ebr kryetar bashkie n\u00eb zgjedhjet e 6 Marsit.<\/p>\n<p>Dega e PD n\u00eb Durr\u00ebs ka miratuar propozimin dhe e ka d\u00ebrguar p\u00ebr miratim n\u00eb Kryesi, ku Luan Hoti duhet t\u00eb marr\u00eb besimin e kryedemoklratit Basha dhe an\u00ebtar\u00ebve t\u00eb tjer\u00eb.<\/p>\n<p>Ky \u00ebsht\u00eb kandidati i par\u00eb i propozuar nga PD, nd\u00ebrkoh\u00eb q\u00eb kund\u00ebrshtar\u00ebt e Hotit do t\u00eb jen\u00eb Emirjana Sako e Partis\u00eb Socialiste dhe Ardian Muka i koalicionit \u201dSht\u00ebpia e Liris\u00eb\u201d.<\/p>","protected":false},"excerpt":{"rendered":"<p>Luan Hoti \u00ebsht\u00eb emri i propozuar nga dega e Partis\u00eb Demokratike e Durr\u00ebsit si kandidat p\u00ebr kryetar bashkie n\u00eb zgjedhjet e 6 Marsit. Dega e PD n\u00eb Durr\u00ebs ka miratuar propozimin dhe e ka d\u00ebrguar p\u00ebr miratim n\u00eb Kryesi, ku Luan Hoti duhet t\u00eb marr\u00eb besimin e kryedemoklratit Basha dhe an\u00ebtar\u00ebve t\u00eb tjer\u00eb. Ky \u00ebsht\u00eb [&hellip;]<\/p>\n","protected":false},"author":2031,"featured_media":159002,"comment_status":"closed","ping_status":"closed","sticky":false,"template":"","format":"standard","meta":{"footnotes":""},"categories":[231],"tags":[],"class_list":{"0":"post-234250","1":"post","2":"type-post","3":"status-publish","4":"format-standard","5":"has-post-thumbnail","7":"category-lajme"},"_links":{"self":[{"href":"https:\/\/zjarr.tv\/en\/wp-json\/wp\/v2\/posts\/234250","targetHints":{"allow":["GET"]}}],"collection":[{"href":"https:\/\/zjarr.tv\/en\/wp-json\/wp\/v2\/posts"}],"about":[{"href":"https:\/\/zjarr.tv\/en\/wp-json\/wp\/v2\/types\/post"}],"author":[{"embeddable":true,"href":"https:\/\/zjarr.tv\/en\/wp-json\/wp\/v2\/users\/2031"}],"replies":[{"embeddable":true,"href":"https:\/\/zjarr.tv\/en\/wp-json\/wp\/v2\/comments?post=234250"}],"version-history":[{"count":0,"href":"https:\/\/zjarr.tv\/en\/wp-json\/wp\/v2\/posts\/234250\/revisions"}],"wp:featuredmedia":[{"embeddable":true,"href":"https:\/\/zjarr.tv\/en\/wp-json\/wp\/v2\/media\/159002"}],"wp:attachment":[{"href":"https:\/\/zjarr.tv\/en\/wp-json\/wp\/v2\/media?parent=234250"}],"wp:term":[{"taxonomy":"category","embeddable":true,"href":"https:\/\/zjarr.tv\/en\/wp-json\/wp\/v2\/categories?post=234250"},{"taxonomy":"post_tag","embeddable":true,"href":"https:\/\/zjarr.tv\/en\/wp-json\/wp\/v2\/tags?post=234250"}],"curies":[{"name":"wp","href":"https:\/\/api.w.org\/{rel}","templated":true}]}}