{"id":234254,"date":"2022-02-02T07:13:22","date_gmt":"2022-02-02T06:13:22","guid":{"rendered":"https:\/\/zjarr.tv\/?p=234254"},"modified":"2022-02-02T07:13:22","modified_gmt":"2022-02-02T06:13:22","slug":"gjiknuri-per-shkarkimin-e-metes-nuk-do-te-ishte-tragjedi-ai-mezi-pret-te-takoje-popullin-e-2-marsit","status":"publish","type":"post","link":"https:\/\/zjarr.tv\/en\/gjiknuri-per-shkarkimin-e-metes-nuk-do-te-ishte-tragjedi-ai-mezi-pret-te-takoje-popullin-e-2-marsit\/","title":{"rendered":"Gjiknuri p\u00ebr shkarkimin e Met\u00ebs: Nuk do t\u00eb ishte tragjedi, ai mezi pret t\u00eb takoj\u00eb popullin e \u201c2 marsit\u201d"},"content":{"rendered":"<p>Sekretari i P\u00ebrgjithsh\u00ebm i Partis\u00eb Socialiste, Damian Gjiknuri ka komentuar seanc\u00ebn p\u00ebr shkarkimin e presidentit t\u00eb vendit, Ilir Meta. Ai u shpreh n\u00eb nj\u00eb intervist\u00eb n\u00eb \u201cABC News\u201d se shkeljet e Met\u00ebs justifikojn\u00eb shkarkimin e tij. Sipas Gjiknurit shkarkimi i presidentit nuk do t\u00eb ishte ndonj\u00eb tragjedi, pasi Meta \u00ebsht\u00eb tashm\u00eb nj\u00eb aktor politik.<\/p>\n<p>\u201cShkeljet e presidentit kan\u00eb qen\u00eb t\u00eb dukshme. Un\u00eb s\u2019dua t\u00eb paragjykoj sepse gjykata \u00ebsht\u00eb t\u00ebrhequr p\u00ebr t\u00eb marr\u00eb vendimin. Nuk do t\u00eb ndodh\u00eb ndonj\u00eb tragjedi sepse presidenti ka th\u00ebn\u00eb mezor po pres t\u00eb takoj popullin e 2 marsit. Formalisht ka qen\u00eb n\u00eb at\u00eb zyr\u00eb sepse ka qen\u00eb n\u00eb fush\u00eb. Besoj se edhe p\u00ebr Met\u00ebn nuk \u00ebsht\u00eb ndonj\u00eb surpriz\u00eb. P\u00ebr mua nuk b\u00ebn ndonj\u00eb diferenc\u00eb t\u00eb madhe.<\/p>\n<p>Basti nuk \u00ebsht\u00eb mir\u00eb. Nuk do m\u00eb vinte mir\u00eb q\u00eb presidenti vendit tim t\u00eb shkarkohej. Nj\u00eb shkarkim i till\u00eb do ti vlej\u00eb \u00e7do pasardh\u00ebsi q\u00eb duhet t\u00eb q\u00ebndroj\u00eb mbi pal\u00ebt. Pasojat e shkarkimit kan\u00eb edhe an\u00ebn afatgjat\u00eb.<\/p>\n<p>Me sjelljen e tij ka b\u00ebr\u00eb veprime q\u00eb c\u00ebnojn\u00eb r\u00ebnd\u00eb rolin e tij. Parimi baz\u00eb \u00ebsht\u00eb q\u00eb presidenti \u00ebsht\u00eb aktor jopolitik q\u00eb q\u00ebndron mbi pal\u00ebt. Ka b\u00ebr\u00eb deklarata politike. Ai nuk duhet ti b\u00ebnte\u201d, u shpreh Gjiknuri.<\/p>","protected":false},"excerpt":{"rendered":"<p>Sekretari i P\u00ebrgjithsh\u00ebm i Partis\u00eb Socialiste, Damian Gjiknuri ka komentuar seanc\u00ebn p\u00ebr shkarkimin e presidentit t\u00eb vendit, Ilir Meta. Ai u shpreh n\u00eb nj\u00eb intervist\u00eb n\u00eb \u201cABC News\u201d se shkeljet e Met\u00ebs justifikojn\u00eb shkarkimin e tij. Sipas Gjiknurit shkarkimi i presidentit nuk do t\u00eb ishte ndonj\u00eb tragjedi, pasi Meta \u00ebsht\u00eb tashm\u00eb nj\u00eb aktor politik. \u201cShkeljet [&hellip;]<\/p>\n","protected":false},"author":2031,"featured_media":169590,"comment_status":"closed","ping_status":"closed","sticky":false,"template":"","format":"standard","meta":{"footnotes":""},"categories":[231],"tags":[],"class_list":{"0":"post-234254","1":"post","2":"type-post","3":"status-publish","4":"format-standard","5":"has-post-thumbnail","7":"category-lajme"},"_links":{"self":[{"href":"https:\/\/zjarr.tv\/en\/wp-json\/wp\/v2\/posts\/234254","targetHints":{"allow":["GET"]}}],"collection":[{"href":"https:\/\/zjarr.tv\/en\/wp-json\/wp\/v2\/posts"}],"about":[{"href":"https:\/\/zjarr.tv\/en\/wp-json\/wp\/v2\/types\/post"}],"author":[{"embeddable":true,"href":"https:\/\/zjarr.tv\/en\/wp-json\/wp\/v2\/users\/2031"}],"replies":[{"embeddable":true,"href":"https:\/\/zjarr.tv\/en\/wp-json\/wp\/v2\/comments?post=234254"}],"version-history":[{"count":0,"href":"https:\/\/zjarr.tv\/en\/wp-json\/wp\/v2\/posts\/234254\/revisions"}],"wp:featuredmedia":[{"embeddable":true,"href":"https:\/\/zjarr.tv\/en\/wp-json\/wp\/v2\/media\/169590"}],"wp:attachment":[{"href":"https:\/\/zjarr.tv\/en\/wp-json\/wp\/v2\/media?parent=234254"}],"wp:term":[{"taxonomy":"category","embeddable":true,"href":"https:\/\/zjarr.tv\/en\/wp-json\/wp\/v2\/categories?post=234254"},{"taxonomy":"post_tag","embeddable":true,"href":"https:\/\/zjarr.tv\/en\/wp-json\/wp\/v2\/tags?post=234254"}],"curies":[{"name":"wp","href":"https:\/\/api.w.org\/{rel}","templated":true}]}}