{"id":234263,"date":"2022-02-02T09:03:35","date_gmt":"2022-02-02T08:03:35","guid":{"rendered":"https:\/\/zjarr.tv\/?p=234263"},"modified":"2022-02-02T09:03:35","modified_gmt":"2022-02-02T08:03:35","slug":"kellici-basha-dhe-rama-ne-nje-pol","status":"publish","type":"post","link":"https:\/\/zjarr.tv\/en\/kellici-basha-dhe-rama-ne-nje-pol\/","title":{"rendered":"K\u00eblli\u00e7i: Basha dhe Rama n\u00eb nj\u00eb pol"},"content":{"rendered":"<p>N\u00eb \u201cOra e Betit\u201d n\u00eb RTV Ora, Belind K\u00eblli\u00e7i, Deputet PD-s\u00eb u shpreh se nuk ka dyshim se ekziston nj\u00eb pol Rama-Basha.<\/p>\n<p>Ai tha se k\u00ebt\u00eb her\u00eb koalicioni me LSI-n\u00eb do t\u00eb tregoj\u00eb se cila \u00ebsht\u00eb PD-ja e v\u00ebrtet\u00eb dhe opozita e v\u00ebrtet\u00eb n\u00eb vend p\u00ebrball\u00eb Bash\u00ebs.<\/p>\n<p>K\u00eblli\u00e7i: Poli Rama-Basha \u00ebsht\u00eb, nuk ka dyshim kjo gj\u00eb. Koalicioni k\u00ebt\u00eb radh\u00eb \u00ebsht\u00eb edhe nj\u00eb test p\u00ebr ta par\u00eb k\u00ebt\u00eb bashk\u00ebpunim dhe se si i prisnin njer\u00ebzit. Nuk \u00ebsht\u00eb ndonj\u00eb risi sepse ka ndodhur edhe m\u00eb par\u00eb. P\u00ebrfituesi m\u00eb i madh nga ky koalicion ka qen\u00eb Basha.<\/p>\n<p>T\u00eb vetmet her\u00eb kur kemi pasur nj\u00eb koalicion t\u00eb till\u00eb, Basha u zgjodh kryetar Bashkia. E vetmja risi \u00ebsht\u00eb momenti ky ndodhet politika n\u00eb vend. Nuk mund t\u00eb themi se \u00ebsht\u00eb nj\u00eb pol i tret\u00eb, sepse nuk \u00ebsht\u00eb nj\u00eb i till\u00eb. LSI-ja ka p\u00ebrfaq\u00ebsuesit e saj dhe deputet\u00ebt e saj, ne kemi deputet\u00ebt tan\u00eb. 6 marsi sh\u00ebrben si nj\u00eb baromet\u00ebr konkret p\u00ebr t\u00eb treguar se kush \u00ebsht\u00eb opozita e v\u00ebrtet\u00eb p\u00ebrball\u00eb Ram\u00ebs.<\/p>","protected":false},"excerpt":{"rendered":"<p>N\u00eb \u201cOra e Betit\u201d n\u00eb RTV Ora, Belind K\u00eblli\u00e7i, Deputet PD-s\u00eb u shpreh se nuk ka dyshim se ekziston nj\u00eb pol Rama-Basha. Ai tha se k\u00ebt\u00eb her\u00eb koalicioni me LSI-n\u00eb do t\u00eb tregoj\u00eb se cila \u00ebsht\u00eb PD-ja e v\u00ebrtet\u00eb dhe opozita e v\u00ebrtet\u00eb n\u00eb vend p\u00ebrball\u00eb Bash\u00ebs. K\u00eblli\u00e7i: Poli Rama-Basha \u00ebsht\u00eb, nuk ka dyshim kjo [&hellip;]<\/p>\n","protected":false},"author":2031,"featured_media":101066,"comment_status":"closed","ping_status":"closed","sticky":false,"template":"","format":"standard","meta":{"footnotes":""},"categories":[231],"tags":[],"class_list":{"0":"post-234263","1":"post","2":"type-post","3":"status-publish","4":"format-standard","5":"has-post-thumbnail","7":"category-lajme"},"_links":{"self":[{"href":"https:\/\/zjarr.tv\/en\/wp-json\/wp\/v2\/posts\/234263","targetHints":{"allow":["GET"]}}],"collection":[{"href":"https:\/\/zjarr.tv\/en\/wp-json\/wp\/v2\/posts"}],"about":[{"href":"https:\/\/zjarr.tv\/en\/wp-json\/wp\/v2\/types\/post"}],"author":[{"embeddable":true,"href":"https:\/\/zjarr.tv\/en\/wp-json\/wp\/v2\/users\/2031"}],"replies":[{"embeddable":true,"href":"https:\/\/zjarr.tv\/en\/wp-json\/wp\/v2\/comments?post=234263"}],"version-history":[{"count":0,"href":"https:\/\/zjarr.tv\/en\/wp-json\/wp\/v2\/posts\/234263\/revisions"}],"wp:featuredmedia":[{"embeddable":true,"href":"https:\/\/zjarr.tv\/en\/wp-json\/wp\/v2\/media\/101066"}],"wp:attachment":[{"href":"https:\/\/zjarr.tv\/en\/wp-json\/wp\/v2\/media?parent=234263"}],"wp:term":[{"taxonomy":"category","embeddable":true,"href":"https:\/\/zjarr.tv\/en\/wp-json\/wp\/v2\/categories?post=234263"},{"taxonomy":"post_tag","embeddable":true,"href":"https:\/\/zjarr.tv\/en\/wp-json\/wp\/v2\/tags?post=234263"}],"curies":[{"name":"wp","href":"https:\/\/api.w.org\/{rel}","templated":true}]}}