{"id":234281,"date":"2022-02-02T11:28:52","date_gmt":"2022-02-02T10:28:52","guid":{"rendered":"https:\/\/zjarr.tv\/?p=234281"},"modified":"2022-02-02T11:28:52","modified_gmt":"2022-02-02T10:28:52","slug":"perfaqesuesi-i-metes-i-sigurt-nuk-ka-largim-te-presidentit-nuk-ekziston-asnje-ceshtje-per-shkarkim","status":"publish","type":"post","link":"https:\/\/zjarr.tv\/en\/perfaqesuesi-i-metes-i-sigurt-nuk-ka-largim-te-presidentit-nuk-ekziston-asnje-ceshtje-per-shkarkim\/","title":{"rendered":"P\u00ebrfaq\u00ebsuesi i Met\u00ebs i sigurt: Nuk ka largim t\u00eb Presidentit, nuk ekziston asnj\u00eb \u00e7\u00ebshtje p\u00ebr shkarkim"},"content":{"rendered":"<p>P\u00ebrfaq\u00ebsuesi i Presidentit Ilir Meta n\u00eb Gjykat\u00ebn Kushtetuese, Bledar Dervishaj, \u00ebsht\u00eb shprehur i bindur se t\u00eb enjten nuk do t\u00eb ket\u00eb shkarkim t\u00eb Presidentit, pasi nuk ekziston asnj\u00eb \u00e7\u00ebshtje p\u00ebr shkarkim.<\/p>\n<p>Ai tha se p\u00ebrfaq\u00ebsuesit e Kuvendit n\u00eb disa p\u00ebrgjogje kishin dal\u00eb edhe p\u00ebrtej vendimit t\u00eb Kuvendit.<\/p>\n<p>\u201cNga ajo q\u00eb un\u00eb konstatova, rezulton e p\u00ebrfaq\u00ebsuesit t\u00eb Kuvendit n\u00eb disa p\u00ebrgjigje kan\u00eb dal\u00eb p\u00ebrtej vendimit t\u00eb Kuvendit. Ky ishte dhe shkarkimi mbi legjitimitetin p\u00ebr t\u00eb dh\u00ebn\u00eb nj\u00eb autorizim nga ky Kuvend i ri, p\u00ebr Kuvendin e vjet\u00ebr, k\u00ebrkesa e Kuvendit t\u00eb vjet\u00ebr duhet shqyrtohej brenda 14 shtatorit 2021 se lidhej me afatin 3 mujor, por edhe sepse Kuvendit t\u00eb vjet\u00ebr i p\u00ebrfundoi mandati. N\u00eb procese t\u00eb tjera si ai p\u00ebr zgjedhjet vendore u konstatuan shkelje ligjore n\u00eb relatorin e \u00e7\u00ebshtjes pa short.\u00a0 Nuk ka shqet\u00ebsime Presidenti i Republik\u00ebs. Ne do e ndjekim deri n\u00eb fund k\u00ebt\u00eb \u00e7\u00ebshje\u201d, tha Dervishaj.<\/p>\n<p>\u00c7far\u00eb ndodh n\u00ebse shkarkohet t\u00eb enjten Presidenti?<\/p>\n<p>Dervishaj: Nuk ka shkarkim sepse nuk ka asnj\u00eb \u00e7\u00ebshtje p\u00ebr shkarkim.<\/p>","protected":false},"excerpt":{"rendered":"<p>P\u00ebrfaq\u00ebsuesi i Presidentit Ilir Meta n\u00eb Gjykat\u00ebn Kushtetuese, Bledar Dervishaj, \u00ebsht\u00eb shprehur i bindur se t\u00eb enjten nuk do t\u00eb ket\u00eb shkarkim t\u00eb Presidentit, pasi nuk ekziston asnj\u00eb \u00e7\u00ebshtje p\u00ebr shkarkim. Ai tha se p\u00ebrfaq\u00ebsuesit e Kuvendit n\u00eb disa p\u00ebrgjogje kishin dal\u00eb edhe p\u00ebrtej vendimit t\u00eb Kuvendit. \u201cNga ajo q\u00eb un\u00eb konstatova, rezulton e p\u00ebrfaq\u00ebsuesit [&hellip;]<\/p>\n","protected":false},"author":2030,"featured_media":234282,"comment_status":"closed","ping_status":"closed","sticky":false,"template":"","format":"standard","meta":{"footnotes":""},"categories":[241,3366,231,1454],"tags":[],"class_list":{"0":"post-234281","1":"post","2":"type-post","3":"status-publish","4":"format-standard","5":"has-post-thumbnail","7":"category-aktualitet","8":"category-koment","9":"category-lajme","10":"category-politike"},"_links":{"self":[{"href":"https:\/\/zjarr.tv\/en\/wp-json\/wp\/v2\/posts\/234281","targetHints":{"allow":["GET"]}}],"collection":[{"href":"https:\/\/zjarr.tv\/en\/wp-json\/wp\/v2\/posts"}],"about":[{"href":"https:\/\/zjarr.tv\/en\/wp-json\/wp\/v2\/types\/post"}],"author":[{"embeddable":true,"href":"https:\/\/zjarr.tv\/en\/wp-json\/wp\/v2\/users\/2030"}],"replies":[{"embeddable":true,"href":"https:\/\/zjarr.tv\/en\/wp-json\/wp\/v2\/comments?post=234281"}],"version-history":[{"count":0,"href":"https:\/\/zjarr.tv\/en\/wp-json\/wp\/v2\/posts\/234281\/revisions"}],"wp:featuredmedia":[{"embeddable":true,"href":"https:\/\/zjarr.tv\/en\/wp-json\/wp\/v2\/media\/234282"}],"wp:attachment":[{"href":"https:\/\/zjarr.tv\/en\/wp-json\/wp\/v2\/media?parent=234281"}],"wp:term":[{"taxonomy":"category","embeddable":true,"href":"https:\/\/zjarr.tv\/en\/wp-json\/wp\/v2\/categories?post=234281"},{"taxonomy":"post_tag","embeddable":true,"href":"https:\/\/zjarr.tv\/en\/wp-json\/wp\/v2\/tags?post=234281"}],"curies":[{"name":"wp","href":"https:\/\/api.w.org\/{rel}","templated":true}]}}