{"id":234285,"date":"2022-02-02T11:32:15","date_gmt":"2022-02-02T10:32:15","guid":{"rendered":"https:\/\/zjarr.tv\/?p=234285"},"modified":"2022-02-02T11:32:15","modified_gmt":"2022-02-02T10:32:15","slug":"pas-durresit-zbulohet-propozimi-i-deges-se-partise-demokratike-ne-rrogozhine-per-kandidatin-e-zgjedhjeve-te-6-marsit","status":"publish","type":"post","link":"https:\/\/zjarr.tv\/en\/pas-durresit-zbulohet-propozimi-i-deges-se-partise-demokratike-ne-rrogozhine-per-kandidatin-e-zgjedhjeve-te-6-marsit\/","title":{"rendered":"Pas Durr\u00ebsit, zbulohet propozimi i deg\u00ebs s\u00eb Partis\u00eb Demokratike n\u00eb Rrogozhin\u00eb p\u00ebr kandidatin e zgjedhjeve t\u00eb 6 Marsit"},"content":{"rendered":"<p>Pas dega e PD n\u00eb Durr\u00ebs propozoi Luan Hotin si kandidat p\u00ebr kryetar bashkie n\u00eb zgjedhjet e 6 Marsit, \u00ebsht\u00eb zbuluar edhe kandidati i propozuar nga PD n\u00eb Rrogozhin\u00eb.<\/p>\n<p>Ferdinand Sara\u00e7i \u00ebhst\u00eb emri i propozuar nga an\u00ebtar\u00ebt e PD n\u00eb Rrogozhin\u00eb, nd\u00ebrkoh\u00eb q\u00eb emri i tij i \u00ebsht\u00eb d\u00ebrguar p\u00ebr miratim Kryesis\u00eb.<\/p>\n<p>Emri i tij dhe i kandidat\u00ebve t\u00eb tjer\u00eb p\u00ebr 6 bashkit\u00eb do t\u00eb shqyrtohet dhe m\u00eb pas p\u00ebr ta do t\u00eb merret vendimi nga Kryesia.<\/p>\n<p>N\u00ebse Sara\u00e7i do t\u00eb jet\u00eb kandidat i PD, at\u00ebher\u00eb ai do t\u00eb ket\u00eb p\u00ebrball\u00eb Edison Memoll\u00ebn e PS-s\u00eb dhe Hekuran Xhani nga koalicioni \u201cSht\u00ebpia e Liris\u00eb\u201d.<\/p>","protected":false},"excerpt":{"rendered":"<p>Pas dega e PD n\u00eb Durr\u00ebs propozoi Luan Hotin si kandidat p\u00ebr kryetar bashkie n\u00eb zgjedhjet e 6 Marsit, \u00ebsht\u00eb zbuluar edhe kandidati i propozuar nga PD n\u00eb Rrogozhin\u00eb. Ferdinand Sara\u00e7i \u00ebhst\u00eb emri i propozuar nga an\u00ebtar\u00ebt e PD n\u00eb Rrogozhin\u00eb, nd\u00ebrkoh\u00eb q\u00eb emri i tij i \u00ebsht\u00eb d\u00ebrguar p\u00ebr miratim Kryesis\u00eb. Emri i tij [&hellip;]<\/p>\n","protected":false},"author":2030,"featured_media":234286,"comment_status":"closed","ping_status":"closed","sticky":false,"template":"","format":"standard","meta":{"footnotes":""},"categories":[241,231,1454],"tags":[],"class_list":{"0":"post-234285","1":"post","2":"type-post","3":"status-publish","4":"format-standard","5":"has-post-thumbnail","7":"category-aktualitet","8":"category-lajme","9":"category-politike"},"_links":{"self":[{"href":"https:\/\/zjarr.tv\/en\/wp-json\/wp\/v2\/posts\/234285","targetHints":{"allow":["GET"]}}],"collection":[{"href":"https:\/\/zjarr.tv\/en\/wp-json\/wp\/v2\/posts"}],"about":[{"href":"https:\/\/zjarr.tv\/en\/wp-json\/wp\/v2\/types\/post"}],"author":[{"embeddable":true,"href":"https:\/\/zjarr.tv\/en\/wp-json\/wp\/v2\/users\/2030"}],"replies":[{"embeddable":true,"href":"https:\/\/zjarr.tv\/en\/wp-json\/wp\/v2\/comments?post=234285"}],"version-history":[{"count":0,"href":"https:\/\/zjarr.tv\/en\/wp-json\/wp\/v2\/posts\/234285\/revisions"}],"wp:featuredmedia":[{"embeddable":true,"href":"https:\/\/zjarr.tv\/en\/wp-json\/wp\/v2\/media\/234286"}],"wp:attachment":[{"href":"https:\/\/zjarr.tv\/en\/wp-json\/wp\/v2\/media?parent=234285"}],"wp:term":[{"taxonomy":"category","embeddable":true,"href":"https:\/\/zjarr.tv\/en\/wp-json\/wp\/v2\/categories?post=234285"},{"taxonomy":"post_tag","embeddable":true,"href":"https:\/\/zjarr.tv\/en\/wp-json\/wp\/v2\/tags?post=234285"}],"curies":[{"name":"wp","href":"https:\/\/api.w.org\/{rel}","templated":true}]}}