{"id":234555,"date":"2022-02-03T15:38:49","date_gmt":"2022-02-03T14:38:49","guid":{"rendered":"https:\/\/zjarr.tv\/?p=234555"},"modified":"2022-02-03T15:38:49","modified_gmt":"2022-02-03T14:38:49","slug":"100-vite-se-bashku-ambasadorja-kim-prezanton-logon-e-marredhenieve-shqiperi-shba-shpresoj-te-jemi-gjithmone-krah-per-krah","status":"publish","type":"post","link":"https:\/\/zjarr.tv\/en\/100-vite-se-bashku-ambasadorja-kim-prezanton-logon-e-marredhenieve-shqiperi-shba-shpresoj-te-jemi-gjithmone-krah-per-krah\/","title":{"rendered":"100 vite s\u00eb bashku! Ambasadorja Kim prezanton logon e marr\u00ebdh\u00ebnieve Shqip\u00ebri-SHBA: Shpresoj t\u00eb jemi gjithmon\u00eb krah p\u00ebr krah!"},"content":{"rendered":"<p>Ambasadorja e SHBA n\u00eb Tiran\u00eb, Yuri Kim ka prezantuar sot logon q\u00eb do t\u00eb p\u00ebrdoret p\u00ebrgjat\u00eb k\u00ebtij viti n\u00eb organizimet n\u00eb kuad\u00ebr t\u00eb 100 vjetorit t\u00eb marr\u00ebdh\u00ebnieve diplomatike mes Shqip\u00ebris\u00eb dhe SHBA.<\/p>\n<p>Kim, u shpreh n\u00eb nj\u00eb video-mesazh se logo p\u00ebrmban element\u00eb q\u00eb shprehin miq\u00ebsin\u00eb mes dy vendeve. Logo ka fjal\u00ebn \u201cTogether\u201d (S\u00eb bashku) n\u00eb gjuh\u00ebn angleze dhe \u201cKrah p\u00ebr krah\u201d e shkruar n\u00eb shqip.<\/p>\n<p><strong>Mesazhi i ambasadores Kim:<\/strong><\/p>\n<p>Ky vit sh\u00ebnon nj\u00eb gur kilometrik t\u00eb ve\u00e7ant\u00eb p\u00ebr marr\u00ebdh\u00ebniet SHBA-Shqip\u00ebri. Dhe p\u00ebrgjat\u00eb vitit 2022 Ambasada e SHBA do t\u00eb p\u00ebrkujtoj\u00eb 100 vjetorin e marr\u00ebdh\u00ebnieve diplomatike midis dy vendeve tona t\u00eb mrekullueshme.<\/p>\n<p>Kemi k\u00ebnaq\u00ebsin\u00eb t\u00eb ndajm\u00eb me ju sot logon q\u00eb Shtetet e Bashkuara dhe Shqip\u00ebria do t\u00eb p\u00ebrdorin p\u00ebr k\u00ebt\u00eb gur kilometrik t\u00eb r\u00ebnd\u00ebsish\u00ebm. Shpresojm\u00eb t\u00eb jeni dakord se ajo shpreh miq\u00ebsin\u00eb midis popullit amerikan dhe popullit shqiptar n\u00ebp\u00ebrmjet ngjyrave, skicimit dhe fjal\u00ebve. Ajo q\u00eb m\u00eb p\u00eblqen personalisht \u00ebsht\u00eb q\u00eb numri 100 p\u00ebrfshin simbolin e pafund\u00ebsis\u00eb.<\/p>\n<p>Nd\u00ebrsa festojm\u00eb 100 vjet s\u00eb bashku, ne festojm\u00eb sa shum\u00eb kemi ecur s\u00eb bashku dhe gjithashtu mir\u00ebpresim arritjet q\u00eb do t\u00eb vijn\u00eb. Nd\u00ebrsa ecim p\u00ebrpara uroj q\u00eb populli amerikan dhe shqiptar t\u00eb q\u00ebndrojn\u00eb gjithmon\u00eb krah p\u00ebr krah. G\u00ebzuar! Edhe 100!<\/p>","protected":false},"excerpt":{"rendered":"<p>Ambasadorja e SHBA n\u00eb Tiran\u00eb, Yuri Kim ka prezantuar sot logon q\u00eb do t\u00eb p\u00ebrdoret p\u00ebrgjat\u00eb k\u00ebtij viti n\u00eb organizimet n\u00eb kuad\u00ebr t\u00eb 100 vjetorit t\u00eb marr\u00ebdh\u00ebnieve diplomatike mes Shqip\u00ebris\u00eb dhe SHBA. Kim, u shpreh n\u00eb nj\u00eb video-mesazh se logo p\u00ebrmban element\u00eb q\u00eb shprehin miq\u00ebsin\u00eb mes dy vendeve. Logo ka fjal\u00ebn \u201cTogether\u201d (S\u00eb bashku) n\u00eb [&hellip;]<\/p>\n","protected":false},"author":2020,"featured_media":234558,"comment_status":"closed","ping_status":"closed","sticky":false,"template":"","format":"standard","meta":{"footnotes":""},"categories":[241,5380,231],"tags":[],"class_list":{"0":"post-234555","1":"post","2":"type-post","3":"status-publish","4":"format-standard","5":"has-post-thumbnail","7":"category-aktualitet","8":"category-kryesore","9":"category-lajme"},"_links":{"self":[{"href":"https:\/\/zjarr.tv\/en\/wp-json\/wp\/v2\/posts\/234555","targetHints":{"allow":["GET"]}}],"collection":[{"href":"https:\/\/zjarr.tv\/en\/wp-json\/wp\/v2\/posts"}],"about":[{"href":"https:\/\/zjarr.tv\/en\/wp-json\/wp\/v2\/types\/post"}],"author":[{"embeddable":true,"href":"https:\/\/zjarr.tv\/en\/wp-json\/wp\/v2\/users\/2020"}],"replies":[{"embeddable":true,"href":"https:\/\/zjarr.tv\/en\/wp-json\/wp\/v2\/comments?post=234555"}],"version-history":[{"count":0,"href":"https:\/\/zjarr.tv\/en\/wp-json\/wp\/v2\/posts\/234555\/revisions"}],"wp:featuredmedia":[{"embeddable":true,"href":"https:\/\/zjarr.tv\/en\/wp-json\/wp\/v2\/media\/234558"}],"wp:attachment":[{"href":"https:\/\/zjarr.tv\/en\/wp-json\/wp\/v2\/media?parent=234555"}],"wp:term":[{"taxonomy":"category","embeddable":true,"href":"https:\/\/zjarr.tv\/en\/wp-json\/wp\/v2\/categories?post=234555"},{"taxonomy":"post_tag","embeddable":true,"href":"https:\/\/zjarr.tv\/en\/wp-json\/wp\/v2\/tags?post=234555"}],"curies":[{"name":"wp","href":"https:\/\/api.w.org\/{rel}","templated":true}]}}