{"id":234561,"date":"2022-02-03T15:44:28","date_gmt":"2022-02-03T14:44:28","guid":{"rendered":"https:\/\/zjarr.tv\/?p=234561"},"modified":"2022-02-03T15:44:28","modified_gmt":"2022-02-03T14:44:28","slug":"grida-duma-akuzon-lsi-mbijetoi-nga-partite-e-tjera-po-perfiton-nga-gjaknxehtesia-e-demokrateve","status":"publish","type":"post","link":"https:\/\/zjarr.tv\/en\/grida-duma-akuzon-lsi-mbijetoi-nga-partite-e-tjera-po-perfiton-nga-gjaknxehtesia-e-demokrateve\/","title":{"rendered":"Grida Duma akuzon LSI: Mbijetoi nga partit\u00eb e tjera, po p\u00ebrfiton nga gjaknxeht\u00ebsia e demokrat\u00ebve"},"content":{"rendered":"<p>N\u00ebnkryetarja e Partis\u00eb Demokratike, Grida Duma, ka\u00a0 folur sot p\u00ebr zgjedhjet e pjesshme t\u00eb 6 marsit dhe prioritetet e PD n\u00eb k\u00ebto zgjedhje. \u00a0Deputetja e PD tha n\u00eb nj\u00eb intervist\u00eb p\u00ebr \u201cNe\u00ebs24\u201d se objektivi \u00ebsht\u00eb q\u00eb t\u00eb fitohen t\u00eb 6 bashkit\u00eb,\u00a0 nd\u00ebrsa nuk nguroi t\u00eb sulmoj\u00eb LSI, duke th\u00ebn\u00eb se mbijetoi nga partit\u00eb e tjera dhe se po p\u00ebrfiton nga gjaknxeht\u00ebsia e demokrat\u00ebve n\u00eb k\u00ebt\u00eb moment krize.<\/p>\n<p>\u201cLSI \u00ebsht\u00eb nj\u00eb parti q\u00eb mbijetoi mes partive t\u00eb m\u00ebdha. Ka aksionet e veta q\u00eb po p\u00ebrfiton nga gjaknxeht\u00ebsia e demokrat\u00ebve dhe nga m\u00ebnyra se si po i t\u00ebrheq Berisha, pa diskutim. E kam par\u00eb veten t\u00eb goditur dhe t\u00eb cop\u00ebtuar n\u00eb mas\u00ebn 100%. N\u00eb politik\u00eb n\u00ebse tregon se ke debules\u00eb nuk je p\u00ebr at\u00eb pun\u00eb. N\u00eb politik\u00eb \u00e7do gj\u00eb \u00ebsht\u00eb test. Si nuk kthehesh n\u00eb meme.<\/p>\n<p>\u00c7do gj\u00eb n\u00eb politik\u00eb \u00ebsht\u00eb test. Por a \u00ebsht\u00eb testi i PD? Jo nuk e besoj k\u00ebt\u00eb. Nuk e shikoj dot PD si\u00e7 \u00ebsht\u00eb tani. Un\u00eb punoj p\u00ebr bashkimin e jo p\u00ebr\u00e7arjen. Ata s\u2019jan\u00eb kund\u00ebrshtar\u00ebt e mi t\u00eb foltores. Un\u00eb do t\u00eb vazhdoj\u00eb t\u00eb luftoj p\u00ebr k\u00ebt\u00eb. K\u00ebt\u00eb moment t\u00eb p\u00ebr\u00e7ar\u00eb t\u00eb PD dua ta konsideroj, e dua ta shoh si moment t\u00eb p\u00ebrkohsh\u00ebm krize t\u00eb brendshme.<\/p>\n<p>Un\u00eb sot kam k\u00ebt\u00eb mesazh. Nuk duhet t\u00eb jepet mesazhi q\u00eb p\u00ebr hir t\u00eb nj\u00ebri-tjetrit ne shkat\u00ebrrojm\u00eb sht\u00ebpin\u00eb. Si ka mund\u00ebsi q\u00eb nuk e kupton q\u00eb X dhe Y nuk i zgjidh ndonj\u00eb pun\u00eb, por priti dhe sillu mir\u00eb. Priti normal. Nuk premtohet mrekullia. Realiteti dhe mrekullia jan\u00eb larg. Njer\u00ebzit e din\u00eb k\u00ebt\u00eb dhe e kan\u00eb pranuar. Kjo kriz\u00eb \u00ebsht\u00eb e p\u00ebrkohshme\u201d, u shpreh Grida Duma.<\/p>","protected":false},"excerpt":{"rendered":"<p>N\u00ebnkryetarja e Partis\u00eb Demokratike, Grida Duma, ka\u00a0 folur sot p\u00ebr zgjedhjet e pjesshme t\u00eb 6 marsit dhe prioritetet e PD n\u00eb k\u00ebto zgjedhje. \u00a0Deputetja e PD tha n\u00eb nj\u00eb intervist\u00eb p\u00ebr \u201cNe\u00ebs24\u201d se objektivi \u00ebsht\u00eb q\u00eb t\u00eb fitohen t\u00eb 6 bashkit\u00eb,\u00a0 nd\u00ebrsa nuk nguroi t\u00eb sulmoj\u00eb LSI, duke th\u00ebn\u00eb se mbijetoi nga partit\u00eb e tjera [&hellip;]<\/p>\n","protected":false},"author":2020,"featured_media":188666,"comment_status":"closed","ping_status":"closed","sticky":false,"template":"","format":"standard","meta":{"footnotes":""},"categories":[241,5380,231],"tags":[],"class_list":{"0":"post-234561","1":"post","2":"type-post","3":"status-publish","4":"format-standard","5":"has-post-thumbnail","7":"category-aktualitet","8":"category-kryesore","9":"category-lajme"},"_links":{"self":[{"href":"https:\/\/zjarr.tv\/en\/wp-json\/wp\/v2\/posts\/234561","targetHints":{"allow":["GET"]}}],"collection":[{"href":"https:\/\/zjarr.tv\/en\/wp-json\/wp\/v2\/posts"}],"about":[{"href":"https:\/\/zjarr.tv\/en\/wp-json\/wp\/v2\/types\/post"}],"author":[{"embeddable":true,"href":"https:\/\/zjarr.tv\/en\/wp-json\/wp\/v2\/users\/2020"}],"replies":[{"embeddable":true,"href":"https:\/\/zjarr.tv\/en\/wp-json\/wp\/v2\/comments?post=234561"}],"version-history":[{"count":0,"href":"https:\/\/zjarr.tv\/en\/wp-json\/wp\/v2\/posts\/234561\/revisions"}],"wp:featuredmedia":[{"embeddable":true,"href":"https:\/\/zjarr.tv\/en\/wp-json\/wp\/v2\/media\/188666"}],"wp:attachment":[{"href":"https:\/\/zjarr.tv\/en\/wp-json\/wp\/v2\/media?parent=234561"}],"wp:term":[{"taxonomy":"category","embeddable":true,"href":"https:\/\/zjarr.tv\/en\/wp-json\/wp\/v2\/categories?post=234561"},{"taxonomy":"post_tag","embeddable":true,"href":"https:\/\/zjarr.tv\/en\/wp-json\/wp\/v2\/tags?post=234561"}],"curies":[{"name":"wp","href":"https:\/\/api.w.org\/{rel}","templated":true}]}}