{"id":234568,"date":"2022-02-03T16:20:10","date_gmt":"2022-02-03T15:20:10","guid":{"rendered":"https:\/\/zjarr.tv\/?p=234568"},"modified":"2022-02-03T16:20:10","modified_gmt":"2022-02-03T15:20:10","slug":"basha-nuk-gjeti-dot-as-kandidate-nuk-ka-emra-bushati-per-zgjedhjet-e-6-marsit-shtepia-e-lirise-do-i-jape-opozites-rezultat-spektakolar","status":"publish","type":"post","link":"https:\/\/zjarr.tv\/en\/basha-nuk-gjeti-dot-as-kandidate-nuk-ka-emra-bushati-per-zgjedhjet-e-6-marsit-shtepia-e-lirise-do-i-jape-opozites-rezultat-spektakolar\/","title":{"rendered":"\u201cBasha nuk gjeti dot as kandidat\u00eb, nuk ka emra\u201d, Bushati p\u00ebr zgjedhjet e 6 marsit: \u2018Sht\u00ebpia e Liris\u00eb\u2019 do i jap\u00eb opozit\u00ebs rezultat spektakolar"},"content":{"rendered":"<p>Ish-an\u00ebtarja e Kryesis\u00eb Endira Bushati e ftuar n\u00eb studion e Fax News foli mbi zgjedhjet e 6 marsit duke theksuar se ato do sh\u00ebrbejn\u00eb dhe p\u00ebr t\u2019i dh\u00ebn\u00eb vendit opozit\u00ebn e munguar.<\/p>\n<p>Sipas Bushatit, kryedemokrati Lulzim Basha nuk ka mundur t\u00eb gjej\u00eb as kandidat\u00eb p\u00ebr k\u00ebto zgjedhje t\u00eb pjesshme lokale pasi nuk ka pasur proces konsultiv dhe as emra.<\/p>\n<p>\u201cVendi po p\u00ebrgatitet t\u00eb ket\u00eb nj\u00eb opozit\u00eb reale dhe koalicioni Sht\u00ebpia e Liris\u00eb do ta \u00e7oj\u00eb at\u00eb drejt nj\u00eb fitoreje spektakolare\u201d-u shpreh Bushati.<\/p>\n<p>Bushati: Ndarja n\u00eb dy kampe, Basha ka premtuar primare brenda partis\u00eb q\u00eb nga viti 2015, po lexoja t\u00eb gjitha fjalimet ku ai premton dhe asnj\u00ebhere nuk i realizoi.<\/p>\n<p>Edhe kandidat\u00ebt jan\u00eb t\u00eb sforcuar, Basha nuk ka mundur t\u00eb gjej\u00eb, ka arritur t\u00eb bind\u00eb disa njer\u00ebz por n\u00eb vetvete nuk ka pasur process konsultimi p\u00ebr emra, sepse nuk ka emra. Kush mund t\u00eb thot\u00eb se kandidat\u00ebt e Komisionit t\u00eb Rithemelimit nuk jan\u00eb an\u00ebtar\u00eb dhe kontribues t\u00eb PD?!<\/p>\n<p>Ata jan\u00eb t\u00eb zgjedhur me vot\u00eb t\u00eb an\u00ebtar\u00ebsis\u00eb dhe besoj q\u00eb PD p\u00ebrfaq\u00ebsuar nga grupi i Berish\u00ebs do ket\u00eb nj\u00eb rezultat spektakolar.<\/p>\n<p>\u00cbsht\u00eb dat\u00eb zgjedhjesh historike sepse vendi po p\u00ebrgatitet q\u00eb t\u00eb ket\u00eb nj\u00eb opozit\u00eb reale jo at\u00eb pseudo opozit\u00eb t\u00eb Bash\u00ebs. \u201cSht\u00ebpia e liris\u00eb\u201d \u00ebsht\u00eb p\u00ebrdorur gjer\u00ebsisht p\u00ebr PD.<\/p>\n<p>K\u00ebrkohet nj\u00eb opozit\u00eb e fort\u00eb kund\u00ebr qeveris\u00eb Rama dhe bashk\u00ebpunimit t\u00eb hapur t\u00eb tij me deputetin Basha. N\u00eb k\u00ebt\u00eb kuad\u00ebr bashk\u00ebpunimi me cdo forc\u00eb opozitare, duhet krijoj\u00eb nj\u00eb front sa m\u00eb i gjer\u00eb. Un\u00eb I kuptoj shum\u00eb demokrat\u00eb dhe jam n\u00eb kategorin\u00eb e personave q\u00eb do donim q\u00eb PD t\u00eb ishte partia e par\u00eb n\u00eb vend, kushtet jan\u00eb q\u00eb sigla e PD po mbahet peng.<\/p>\n<p>Do jet\u00eb nj\u00eb koalicion fitues, q\u00eb nuk ka shum\u00eb r\u00ebnd\u00ebsi n\u00eb aspektin komunitar se sa ka p\u00ebr vet\u00eb politik\u00ebn.<\/p>\n<p>Q\u00eb nga Kuvendi i 11 dhjetorit pasuar me shkarkimin e Lulzim Bash\u00ebs t\u00eb gjith\u00eb hapat q\u00eb jan\u00eb hedhur jan\u00eb p\u00ebr ti dh\u00ebn\u00eb vendit opozit\u00eb, p\u00ebr ta shp\u00ebtuar nga p\u00ebrgjumja q\u00eb Basha i kishte dh\u00ebn\u00eb n\u00eb 8 vite.<\/p>","protected":false},"excerpt":{"rendered":"<p>Ish-an\u00ebtarja e Kryesis\u00eb Endira Bushati e ftuar n\u00eb studion e Fax News foli mbi zgjedhjet e 6 marsit duke theksuar se ato do sh\u00ebrbejn\u00eb dhe p\u00ebr t\u2019i dh\u00ebn\u00eb vendit opozit\u00ebn e munguar. Sipas Bushatit, kryedemokrati Lulzim Basha nuk ka mundur t\u00eb gjej\u00eb as kandidat\u00eb p\u00ebr k\u00ebto zgjedhje t\u00eb pjesshme lokale pasi nuk ka pasur proces [&hellip;]<\/p>\n","protected":false},"author":2030,"featured_media":234569,"comment_status":"closed","ping_status":"closed","sticky":false,"template":"","format":"standard","meta":{"footnotes":""},"categories":[241,3366,231,1454],"tags":[],"class_list":{"0":"post-234568","1":"post","2":"type-post","3":"status-publish","4":"format-standard","5":"has-post-thumbnail","7":"category-aktualitet","8":"category-koment","9":"category-lajme","10":"category-politike"},"_links":{"self":[{"href":"https:\/\/zjarr.tv\/en\/wp-json\/wp\/v2\/posts\/234568","targetHints":{"allow":["GET"]}}],"collection":[{"href":"https:\/\/zjarr.tv\/en\/wp-json\/wp\/v2\/posts"}],"about":[{"href":"https:\/\/zjarr.tv\/en\/wp-json\/wp\/v2\/types\/post"}],"author":[{"embeddable":true,"href":"https:\/\/zjarr.tv\/en\/wp-json\/wp\/v2\/users\/2030"}],"replies":[{"embeddable":true,"href":"https:\/\/zjarr.tv\/en\/wp-json\/wp\/v2\/comments?post=234568"}],"version-history":[{"count":0,"href":"https:\/\/zjarr.tv\/en\/wp-json\/wp\/v2\/posts\/234568\/revisions"}],"wp:featuredmedia":[{"embeddable":true,"href":"https:\/\/zjarr.tv\/en\/wp-json\/wp\/v2\/media\/234569"}],"wp:attachment":[{"href":"https:\/\/zjarr.tv\/en\/wp-json\/wp\/v2\/media?parent=234568"}],"wp:term":[{"taxonomy":"category","embeddable":true,"href":"https:\/\/zjarr.tv\/en\/wp-json\/wp\/v2\/categories?post=234568"},{"taxonomy":"post_tag","embeddable":true,"href":"https:\/\/zjarr.tv\/en\/wp-json\/wp\/v2\/tags?post=234568"}],"curies":[{"name":"wp","href":"https:\/\/api.w.org\/{rel}","templated":true}]}}