{"id":234580,"date":"2022-02-03T16:27:12","date_gmt":"2022-02-03T15:27:12","guid":{"rendered":"https:\/\/zjarr.tv\/?p=234580"},"modified":"2022-02-03T16:27:12","modified_gmt":"2022-02-03T15:27:12","slug":"partia-demokratike-mbledh-kryesine-ne-oren-1900-ja-cfare-do-te-vendoset","status":"publish","type":"post","link":"https:\/\/zjarr.tv\/en\/partia-demokratike-mbledh-kryesine-ne-oren-1900-ja-cfare-do-te-vendoset\/","title":{"rendered":"Partia Demokratike mbledh kryesin\u00eb n\u00eb or\u00ebn 19:00, ja \u00e7far\u00eb do t\u00eb vendoset"},"content":{"rendered":"<p>Partia Demokratike dit\u00ebn e sotme n\u00eb or\u00ebn 19:00 do t\u00eb mbledh\u00eb Kryesin\u00eb e saj ku priten t\u00eb zyrtarizohen emrat e kandidat\u00ebve p\u00ebr zgjedhjet e pjesshme lokale t\u00eb 6 marsit.<\/p>\n<p>\u201cSot, dat\u00eb 3 Shkurt, ora 19:00, do t\u00eb zhvillohet mbledhja e Kryesis\u00eb s\u00eb Partis\u00eb, me rend dite \u201cMiratimi i kandidat\u00ebve t\u00eb Partis\u00eb Demokratike n\u00eb zgjedhjet e pjesshme vendore t\u00eb 6 Marsit\u201d, thuhet n\u00eb njoftimin drejtuar demokrat\u00ebve nga sekretari i P\u00ebrgjithsh\u00ebm, Gazmend Bardhi.<\/p>\n<p>Strukturat drejtuese t\u00eb PD n\u00eb Shkod\u00ebr kan\u00eb propozuar Xhemal Bushatin kandidat p\u00ebr kryetar bashkie. N\u00eb Rrogozhin\u00eb \u00ebsht\u00eb propozuar si kandidat m\u00eb 6 mars, Ferdinand Sara\u00e7i, nd\u00ebrsa n\u00eb Durr\u00ebs Luan Hoti. PD pritet t\u2019i besoj Indrit Sef\u00ebs bashkin\u00eb e Lushnjes, nd\u00ebrsa p\u00ebr Vor\u00ebn \u00ebsht\u00eb propozuar Ymer Marku. P\u00ebr bashkin\u00eb e Dibr\u00ebs, strukturat e PD kan\u00eb propozuar si kandidat p\u00ebr zgjedhjet e 6 marsit Luan Hak\u00ebn. Kandidat\u00ebt e propozuar nga baza do i n\u00ebnshtrohen shqyrtimit dhe miratimit nga Kryesia e PD.<\/p>","protected":false},"excerpt":{"rendered":"<p>Partia Demokratike dit\u00ebn e sotme n\u00eb or\u00ebn 19:00 do t\u00eb mbledh\u00eb Kryesin\u00eb e saj ku priten t\u00eb zyrtarizohen emrat e kandidat\u00ebve p\u00ebr zgjedhjet e pjesshme lokale t\u00eb 6 marsit. \u201cSot, dat\u00eb 3 Shkurt, ora 19:00, do t\u00eb zhvillohet mbledhja e Kryesis\u00eb s\u00eb Partis\u00eb, me rend dite \u201cMiratimi i kandidat\u00ebve t\u00eb Partis\u00eb Demokratike n\u00eb zgjedhjet e [&hellip;]<\/p>\n","protected":false},"author":2030,"featured_media":234581,"comment_status":"closed","ping_status":"closed","sticky":false,"template":"","format":"standard","meta":{"footnotes":""},"categories":[241,231,1454],"tags":[],"class_list":{"0":"post-234580","1":"post","2":"type-post","3":"status-publish","4":"format-standard","5":"has-post-thumbnail","7":"category-aktualitet","8":"category-lajme","9":"category-politike"},"_links":{"self":[{"href":"https:\/\/zjarr.tv\/en\/wp-json\/wp\/v2\/posts\/234580","targetHints":{"allow":["GET"]}}],"collection":[{"href":"https:\/\/zjarr.tv\/en\/wp-json\/wp\/v2\/posts"}],"about":[{"href":"https:\/\/zjarr.tv\/en\/wp-json\/wp\/v2\/types\/post"}],"author":[{"embeddable":true,"href":"https:\/\/zjarr.tv\/en\/wp-json\/wp\/v2\/users\/2030"}],"replies":[{"embeddable":true,"href":"https:\/\/zjarr.tv\/en\/wp-json\/wp\/v2\/comments?post=234580"}],"version-history":[{"count":0,"href":"https:\/\/zjarr.tv\/en\/wp-json\/wp\/v2\/posts\/234580\/revisions"}],"wp:featuredmedia":[{"embeddable":true,"href":"https:\/\/zjarr.tv\/en\/wp-json\/wp\/v2\/media\/234581"}],"wp:attachment":[{"href":"https:\/\/zjarr.tv\/en\/wp-json\/wp\/v2\/media?parent=234580"}],"wp:term":[{"taxonomy":"category","embeddable":true,"href":"https:\/\/zjarr.tv\/en\/wp-json\/wp\/v2\/categories?post=234580"},{"taxonomy":"post_tag","embeddable":true,"href":"https:\/\/zjarr.tv\/en\/wp-json\/wp\/v2\/tags?post=234580"}],"curies":[{"name":"wp","href":"https:\/\/api.w.org\/{rel}","templated":true}]}}