{"id":234588,"date":"2022-02-03T17:30:46","date_gmt":"2022-02-03T16:30:46","guid":{"rendered":"https:\/\/zjarr.tv\/?p=234588"},"modified":"2022-02-03T17:30:46","modified_gmt":"2022-02-03T16:30:46","slug":"1-ore-ne-zyren-e-kryeministrit-perfundon-takimi-i-ceferin-me-ramen-diskutimet-dhe-agjenda-e-metejshme-e-presidentit-te-uefa-s","status":"publish","type":"post","link":"https:\/\/zjarr.tv\/en\/1-ore-ne-zyren-e-kryeministrit-perfundon-takimi-i-ceferin-me-ramen-diskutimet-dhe-agjenda-e-metejshme-e-presidentit-te-uefa-s\/","title":{"rendered":"1 or\u00eb n\u00eb zyr\u00ebn e kryeministrit\/ P\u00ebrfundon takimi i Ceferin me Ram\u00ebn, diskutimet dhe agjenda e m\u00ebtejshme e presidentit t\u00eb UEFA-s"},"content":{"rendered":"<p>Presidenti i UEFA-s, Aleksander Ceferin, ka mbyllur takimin q\u00eb zgjati m\u00eb shum\u00eb se nj\u00eb or\u00eb me kryeministrin Edi Rama. Pal\u00ebt u takuan sot si pjes\u00eb e vizit\u00ebs zyrtare t\u00eb numrit 1 t\u00eb futbollit europian n\u00eb vendin ton\u00eb, p\u00ebr t\u00eb diskutuar \u00e7\u00ebshtje t\u00eb ndryshme.<\/p>\n<p>Nj\u00eb nga m\u00eb delikatet \u00ebsht\u00eb ajo e zhvillimit t\u00eb finales s\u00eb Lig\u00ebs s\u00eb Konferenc\u00ebs n\u00eb Tiran\u00eb n\u00eb muajin maj, n\u00eb stadiumin \u201cAir Albania\u201d dhe pik\u00ebrisht impianti kryeqytetas ka qen\u00eb etapa e radh\u00ebs e vizit\u00ebs s\u00eb Ceferin n\u00eb Tiran\u00eb. Por gjithashtu mendohet se pjes\u00eb e diskutimit, mund t\u00eb ken\u00eb qen\u00eb edhe zhvillimet e fundit mes presidentit t\u00eb FSHF-s\u00eb Armando Duka dhe kryebashkiakut t\u00eb Tiran\u00ebs, Erion Veliaj i cili u shfaq n\u00eb disa p\u00ebrgjime ku shprehte qart\u00eb d\u00ebshir\u00ebn p\u00ebr t\u00eb nd\u00ebrhyr\u00eb n\u00eb zgjedhjet e ardhshme brenda federat\u00ebs.<\/p>\n<p>Menj\u00ebher\u00eb pasi \u00ebsht\u00eb larguar nga kryeministria, ai \u00ebsht\u00eb shoq\u00ebruar n\u00eb stadiumin e kryeqytetit, ku Ceferin ka inspektuar disa ndryshime q\u00eb jan\u00eb b\u00ebr\u00eb q\u00eb nga vizita e tij n\u00eb vitin 2019 kur u inaugurua ky impiant n\u00eb ndeshjen me Franc\u00ebn, mes t\u00eb cilave edhe vendosja e nj\u00eb tapeti me bar hibrid.<\/p>\n<p>AXHENDA \u2013 Aleksand\u00ebr Ceferin ka mb\u00ebrritur n\u00eb or\u00ebn 12:30 n\u00eb aeroportin \u201cN\u00ebn\u00eb Tereza\u201d, nd\u00ebrkoh\u00eb n\u00eb or\u00ebn 13:00 do t\u00eb pritet nga presidenti i Federat\u00ebs Shqiptare t\u00eb Futbollit, Armand Duka, p\u00ebr t\u00eb drekuar. M\u00eb pas n\u00eb or\u00ebn 15:00 \u00ebsht\u00eb planifikuar takimi me kryeministrin Edi Rama n\u00eb ambientet e kryeministris\u00eb dhe m\u00eb pas presidenti i UEFA-s do t\u00eb vizitoj\u00eb zyrat e reja t\u00eb Federat\u00ebs Shqiptare t\u00eb Futbollit.<\/p>\n<p>Q\u00ebndrimi i Ceferinit n\u00eb Tiran\u00eb do t\u00eb zgjas\u00eb rreth 5 or\u00eb e gjysm\u00eb, nd\u00ebrsa n\u00eb or\u00ebn 18:00 ai do t\u00eb largohet nga Shqip\u00ebria.<\/p>\n<p>12:30 \u2013 Mb\u00ebrritja n\u00eb Aeroportin \u201cN\u00ebn\u00eb Tereza\u201d<\/p>\n<p>13:00 \u2013 Dreka me presidentin e FSHF-s\u00eb, Armand Duka<\/p>\n<p>15:00 \u2013 Takim n\u00eb kryeministri me kryeministrin Edi Rama<\/p>\n<p>16:00 \u2013 Vizit\u00eb n\u00eb zyrat e reja t\u00eb Federat\u00ebs Shqiptare t\u00eb Futbollit<\/p>\n<p>18:00 \u2013 Largimi nga Shqip\u00ebria<\/p>","protected":false},"excerpt":{"rendered":"<p>Presidenti i UEFA-s, Aleksander Ceferin, ka mbyllur takimin q\u00eb zgjati m\u00eb shum\u00eb se nj\u00eb or\u00eb me kryeministrin Edi Rama. Pal\u00ebt u takuan sot si pjes\u00eb e vizit\u00ebs zyrtare t\u00eb numrit 1 t\u00eb futbollit europian n\u00eb vendin ton\u00eb, p\u00ebr t\u00eb diskutuar \u00e7\u00ebshtje t\u00eb ndryshme. Nj\u00eb nga m\u00eb delikatet \u00ebsht\u00eb ajo e zhvillimit t\u00eb finales s\u00eb Lig\u00ebs [&hellip;]<\/p>\n","protected":false},"author":2030,"featured_media":234590,"comment_status":"closed","ping_status":"closed","sticky":false,"template":"","format":"standard","meta":{"footnotes":""},"categories":[241,231],"tags":[],"class_list":{"0":"post-234588","1":"post","2":"type-post","3":"status-publish","4":"format-standard","5":"has-post-thumbnail","7":"category-aktualitet","8":"category-lajme"},"_links":{"self":[{"href":"https:\/\/zjarr.tv\/en\/wp-json\/wp\/v2\/posts\/234588","targetHints":{"allow":["GET"]}}],"collection":[{"href":"https:\/\/zjarr.tv\/en\/wp-json\/wp\/v2\/posts"}],"about":[{"href":"https:\/\/zjarr.tv\/en\/wp-json\/wp\/v2\/types\/post"}],"author":[{"embeddable":true,"href":"https:\/\/zjarr.tv\/en\/wp-json\/wp\/v2\/users\/2030"}],"replies":[{"embeddable":true,"href":"https:\/\/zjarr.tv\/en\/wp-json\/wp\/v2\/comments?post=234588"}],"version-history":[{"count":0,"href":"https:\/\/zjarr.tv\/en\/wp-json\/wp\/v2\/posts\/234588\/revisions"}],"wp:featuredmedia":[{"embeddable":true,"href":"https:\/\/zjarr.tv\/en\/wp-json\/wp\/v2\/media\/234590"}],"wp:attachment":[{"href":"https:\/\/zjarr.tv\/en\/wp-json\/wp\/v2\/media?parent=234588"}],"wp:term":[{"taxonomy":"category","embeddable":true,"href":"https:\/\/zjarr.tv\/en\/wp-json\/wp\/v2\/categories?post=234588"},{"taxonomy":"post_tag","embeddable":true,"href":"https:\/\/zjarr.tv\/en\/wp-json\/wp\/v2\/tags?post=234588"}],"curies":[{"name":"wp","href":"https:\/\/api.w.org\/{rel}","templated":true}]}}