{"id":234593,"date":"2022-02-03T17:35:08","date_gmt":"2022-02-03T16:35:08","guid":{"rendered":"https:\/\/zjarr.tv\/?p=234593"},"modified":"2022-02-03T17:35:08","modified_gmt":"2022-02-03T16:35:08","slug":"lsi-mbijetoi-nga-partite-e-tjera-elona-guri-i-pergjigjet-dumes-je-ne-panik-duke-e-parandjere-rezultatin-e-6-marsit-ne-sshitemi-e-as-blihemi","status":"publish","type":"post","link":"https:\/\/zjarr.tv\/en\/lsi-mbijetoi-nga-partite-e-tjera-elona-guri-i-pergjigjet-dumes-je-ne-panik-duke-e-parandjere-rezultatin-e-6-marsit-ne-sshitemi-e-as-blihemi\/","title":{"rendered":"\u201cLSI mbijetoi nga partit\u00eb e tjera\u201d, Elona Guri i p\u00ebrgjigjet Dum\u00ebs: Je n\u00eb panik duke e parandjer\u00eb rezultatin e 6 marsit, ne s\u2019shitemi e as blihemi\u2026"},"content":{"rendered":"<p>Zyrtarja e LSI Elona Guri,\u00a0 ka reaguar pas deklarat\u00ebs s\u00eb deputetes Grida Duma, e cila n\u00eb nj\u00eb intervist\u00eb ka sulmuar LSI duke th\u00ebn\u00eb se ka mbijetuar nga partit\u00eb e tjera.<\/p>\n<p>Guri me an\u00eb t\u00eb nj\u00eb postimi n\u00eb rrjetet sociale shkruan se Grida duke e parandjer\u00eb rezultatin p\u00ebr zgjedhjet e 6 marsit, ka sulmuar LSI. Nd\u00ebr t\u00eb tjera ajo shkruan LSI ka elektoratin dhe kauz\u00ebn e saj.<\/p>\n<p>Postimi i plot\u00eb i Elona Gurit:<\/p>\n<p>Sot, Grida n\u00eb panik duke e parandjer\u00eb rezultatin e 6 Marsit sulmoi LSI-n\u00eb duke z\u00ebvend\u00ebsuar Gazin n\u00eb rolin e tij t\u00eb p\u00ebrditsh\u00ebm. Grida, p\u00ebr t\u2019i ardhur n\u00eb ndihm\u00eb Lulit, aleatit m\u00eb besnik t\u00eb Ram\u00ebs dhe Rilindjes, b\u00ebri nj\u00eb diversion t\u00eb pamoralsh\u00ebm p\u00ebr votuesit dhe an\u00ebtar\u00ebt e PD-s\u00eb duke p\u00ebrdorur si tabel\u00eb L\u00ebvizjen Socialiste p\u00ebr Integrim!!<\/p>\n<p>LSI ka elektoratin e saj, kauzat e saj, q\u00ebndrimet pa kompromis t\u00eb cilat nuk i ka shkelur p\u00ebr asnj\u00eb pazar porti apo plehrash.<\/p>\n<p>LSI ka busull n\u00eb orientimin e saj, integrimin evropian t\u00eb vendit.<\/p>\n<p>LSI i ka kushtuar t\u00eb gjith\u00eb v\u00ebmendjen e saj ndalimit t\u00eb shpopullimit dhe ikjes s\u00eb Rinis\u00eb nga Shqip\u00ebria.<\/p>\n<p>LSI ka luftuar pa kompromis kund\u00ebr aferave korruptive t\u00eb qeveris\u00eb s\u00eb Rilindjes.<\/p>\n<p>LSI as nuk shitet, as nuk blihet.<\/p>\n<p>Se kush shet e kush blen votat e qindra mij\u00ebra votuesve, sakrificat dhe p\u00ebrkushtimin e tyre dihet tashm\u00eb qart\u00eb, q\u00eb \u00ebsht\u00eb kupola q\u00eb ka zaptuar PD-n\u00eb me ndihm\u00ebn e policis\u00eb edhe shtetit t\u00eb Rilindjes. Tradh\u00ebtuat votuesit e Opozit\u00ebs n\u00eb 2017-\u00ebn. I ritradh\u00ebtuat n\u00eb 2019-\u00ebn duke i nxjerr\u00eb n\u00eb treg n\u00eb vitin 2021. Tradhtia dhe tregtia me moralin dhe sakrificat e t\u00eb tjer\u00ebve jan\u00eb t\u00eb vetmet karakteristika q\u00eb iu bashkojn\u00eb. Takohemi m\u00eb 7 Mars!<\/p>","protected":false},"excerpt":{"rendered":"<p>Zyrtarja e LSI Elona Guri,\u00a0 ka reaguar pas deklarat\u00ebs s\u00eb deputetes Grida Duma, e cila n\u00eb nj\u00eb intervist\u00eb ka sulmuar LSI duke th\u00ebn\u00eb se ka mbijetuar nga partit\u00eb e tjera. Guri me an\u00eb t\u00eb nj\u00eb postimi n\u00eb rrjetet sociale shkruan se Grida duke e parandjer\u00eb rezultatin p\u00ebr zgjedhjet e 6 marsit, ka sulmuar LSI. Nd\u00ebr [&hellip;]<\/p>\n","protected":false},"author":2030,"featured_media":234594,"comment_status":"closed","ping_status":"closed","sticky":false,"template":"","format":"standard","meta":{"footnotes":""},"categories":[241,3366,231,1454],"tags":[],"class_list":{"0":"post-234593","1":"post","2":"type-post","3":"status-publish","4":"format-standard","5":"has-post-thumbnail","7":"category-aktualitet","8":"category-koment","9":"category-lajme","10":"category-politike"},"_links":{"self":[{"href":"https:\/\/zjarr.tv\/en\/wp-json\/wp\/v2\/posts\/234593","targetHints":{"allow":["GET"]}}],"collection":[{"href":"https:\/\/zjarr.tv\/en\/wp-json\/wp\/v2\/posts"}],"about":[{"href":"https:\/\/zjarr.tv\/en\/wp-json\/wp\/v2\/types\/post"}],"author":[{"embeddable":true,"href":"https:\/\/zjarr.tv\/en\/wp-json\/wp\/v2\/users\/2030"}],"replies":[{"embeddable":true,"href":"https:\/\/zjarr.tv\/en\/wp-json\/wp\/v2\/comments?post=234593"}],"version-history":[{"count":0,"href":"https:\/\/zjarr.tv\/en\/wp-json\/wp\/v2\/posts\/234593\/revisions"}],"wp:featuredmedia":[{"embeddable":true,"href":"https:\/\/zjarr.tv\/en\/wp-json\/wp\/v2\/media\/234594"}],"wp:attachment":[{"href":"https:\/\/zjarr.tv\/en\/wp-json\/wp\/v2\/media?parent=234593"}],"wp:term":[{"taxonomy":"category","embeddable":true,"href":"https:\/\/zjarr.tv\/en\/wp-json\/wp\/v2\/categories?post=234593"},{"taxonomy":"post_tag","embeddable":true,"href":"https:\/\/zjarr.tv\/en\/wp-json\/wp\/v2\/tags?post=234593"}],"curies":[{"name":"wp","href":"https:\/\/api.w.org\/{rel}","templated":true}]}}