{"id":234601,"date":"2022-02-03T18:03:37","date_gmt":"2022-02-03T17:03:37","guid":{"rendered":"https:\/\/zjarr.tv\/?p=234601"},"modified":"2022-02-03T18:03:37","modified_gmt":"2022-02-03T17:03:37","slug":"beteja-eshte-mes-dy-kandidateve-te-pd-se-murrizi-tregon-cfare-pret-rama-nga-zgjedhjet-e-6-marsit-dhe-zbulon-te-verteten-e-madhe-qe-do-te-dale-ne-shesh","status":"publish","type":"post","link":"https:\/\/zjarr.tv\/en\/beteja-eshte-mes-dy-kandidateve-te-pd-se-murrizi-tregon-cfare-pret-rama-nga-zgjedhjet-e-6-marsit-dhe-zbulon-te-verteten-e-madhe-qe-do-te-dale-ne-shesh\/","title":{"rendered":"\u201cBeteja \u00ebsht\u00eb mes dy kandidat\u00ebve t\u00eb PD-s\u00eb\u201d, Murrizi tregon \u00e7far\u00eb pret Rama nga zgjedhjet e 6 marsit dhe zbulon t\u00eb v\u00ebrtet\u00ebn e madhe q\u00eb do t\u00eb dal\u00eb n\u00eb shesh"},"content":{"rendered":"<p>Ish-deputeti Myslim Murrizi ka komentuar procesin e zgjedhjeve t\u00eb pjesshme vendore q\u00eb do t\u00eb mbahen n\u00eb 6 mars. Sipas tij, ato nuk prishin ndonj\u00eb raport politik p\u00ebr maxhoranc\u00ebn si t\u00eb fitoj\u00eb apo humb 6 bashkit\u00eb.<\/p>\n<p>Murrizi tha se k\u00ebto zgjedhje duheshin b\u00ebr\u00eb m\u00eb her\u00ebt, nd\u00ebrsa i cil\u00ebsoi si nj\u00eb test p\u00ebr Partis\u00eb Socialiste p\u00ebr t\u00eb par\u00eb sa ka ruajtur votat nga zgjedhjet e kaluara, dhe si nj\u00eb betej\u00eb mes dy kampeve t\u00eb krijuara n\u00eb PD p\u00ebr t\u00eb par\u00eb kush ka shumic\u00ebn.<\/p>\n<p>\u201cNuk \u00ebsht\u00eb se p\u00ebrmbysin ndonj\u00eb ekuilib\u00ebr n\u00eb politik\u00eb edhe sikur ti humbi apo fitoj\u00eb bashkit\u00eb maxhoranca. Nuk prishin ndonj\u00eb raport politik as n\u00eb parlament. K\u00ebto zgjedhje duheshin b\u00ebr\u00eb m\u00eb her\u00ebt, por jan\u00eb thjesht zgjedhje administrative. N\u00eb vetvete ka nj\u00eb test p\u00ebr t\u00eb treja pal\u00ebt, Rama do testoj\u00eb n\u00ebse do ruaj\u00eb votat q\u00eb ka pas, nd\u00ebrsa beteja \u00ebsht\u00eb mes dy kandidat\u00ebve t\u00eb PD q\u00eb jan\u00eb ndar\u00eb n\u00eb dy kampe. Nuk i shoh t\u00eb barabarta, por vota e 6 marsit do tregoj\u00eb, do t\u00eb nxjerr sheshit nj\u00eb mashtrues nga k\u00ebta t\u00eb dy q\u00eb pretendojn\u00eb se kan\u00eb 90% t\u00eb shumic\u00ebs. 6 marsi test se kush ka shumic\u00ebn opozitare. Lushnja do ket\u00eb gar\u00eb reale. Ky pushtet ka 15 vite q\u00eb qeveriset nga e majta. PS qeveris q\u00eb n\u00eb 2007 n\u00eb Lushnje. Kandidatin Elton Bano e shoh shum\u00eb potencial dhe do e mb\u00ebshtes. T\u00eb nj\u00ebjt\u00ebn gj\u00eb shoh dhe n\u00eb Rrogozhin\u00eb.\u201d, u shpreh ai.<\/p>","protected":false},"excerpt":{"rendered":"<p>Ish-deputeti Myslim Murrizi ka komentuar procesin e zgjedhjeve t\u00eb pjesshme vendore q\u00eb do t\u00eb mbahen n\u00eb 6 mars. Sipas tij, ato nuk prishin ndonj\u00eb raport politik p\u00ebr maxhoranc\u00ebn si t\u00eb fitoj\u00eb apo humb 6 bashkit\u00eb. Murrizi tha se k\u00ebto zgjedhje duheshin b\u00ebr\u00eb m\u00eb her\u00ebt, nd\u00ebrsa i cil\u00ebsoi si nj\u00eb test p\u00ebr Partis\u00eb Socialiste p\u00ebr t\u00eb [&hellip;]<\/p>\n","protected":false},"author":2030,"featured_media":168171,"comment_status":"closed","ping_status":"closed","sticky":false,"template":"","format":"standard","meta":{"footnotes":""},"categories":[241,3366,231,1454],"tags":[],"class_list":{"0":"post-234601","1":"post","2":"type-post","3":"status-publish","4":"format-standard","5":"has-post-thumbnail","7":"category-aktualitet","8":"category-koment","9":"category-lajme","10":"category-politike"},"_links":{"self":[{"href":"https:\/\/zjarr.tv\/en\/wp-json\/wp\/v2\/posts\/234601","targetHints":{"allow":["GET"]}}],"collection":[{"href":"https:\/\/zjarr.tv\/en\/wp-json\/wp\/v2\/posts"}],"about":[{"href":"https:\/\/zjarr.tv\/en\/wp-json\/wp\/v2\/types\/post"}],"author":[{"embeddable":true,"href":"https:\/\/zjarr.tv\/en\/wp-json\/wp\/v2\/users\/2030"}],"replies":[{"embeddable":true,"href":"https:\/\/zjarr.tv\/en\/wp-json\/wp\/v2\/comments?post=234601"}],"version-history":[{"count":0,"href":"https:\/\/zjarr.tv\/en\/wp-json\/wp\/v2\/posts\/234601\/revisions"}],"wp:featuredmedia":[{"embeddable":true,"href":"https:\/\/zjarr.tv\/en\/wp-json\/wp\/v2\/media\/168171"}],"wp:attachment":[{"href":"https:\/\/zjarr.tv\/en\/wp-json\/wp\/v2\/media?parent=234601"}],"wp:term":[{"taxonomy":"category","embeddable":true,"href":"https:\/\/zjarr.tv\/en\/wp-json\/wp\/v2\/categories?post=234601"},{"taxonomy":"post_tag","embeddable":true,"href":"https:\/\/zjarr.tv\/en\/wp-json\/wp\/v2\/tags?post=234601"}],"curies":[{"name":"wp","href":"https:\/\/api.w.org\/{rel}","templated":true}]}}