{"id":234612,"date":"2022-02-03T18:27:17","date_gmt":"2022-02-03T17:27:17","guid":{"rendered":"https:\/\/zjarr.tv\/?p=234612"},"modified":"2022-02-03T18:27:17","modified_gmt":"2022-02-03T17:27:17","slug":"mbajti-hudher-ne-corape-gjate-ndeshjes-futbollisti-shqiptar-befason-gjithe-anglezet-arsyeja","status":"publish","type":"post","link":"https:\/\/zjarr.tv\/en\/mbajti-hudher-ne-corape-gjate-ndeshjes-futbollisti-shqiptar-befason-gjithe-anglezet-arsyeja\/","title":{"rendered":"Mbajti hudh\u00ebr n\u00eb \u00e7orape gjat\u00eb ndeshjes, futbollisti shqiptar befason gjith\u00eb anglez\u00ebt (ARSYEJA)"},"content":{"rendered":"<p>Qend\u00ebrmbrojt\u00ebsi shqiptar Geraldo Bajrami \u00ebsht\u00eb b\u00ebr\u00eb kryefjal\u00eb n\u00eb futbollin anglez p\u00ebr nj\u00eb detaj q\u00eb po komentohet gjer\u00ebsisht nga mediat britanike.<\/p>\n<p>B\u00ebhet me dije se gjat\u00eb aventur\u00ebs s\u00eb tij n\u00eb FA Cup n\u00eb muajin tetor nj\u00eb bes\u00ebtytni e futbollistit shqiptarit ,i ka sjell\u00eb fat skuadr\u00ebs angleze.<\/p>\n<p>Bajrami ka mbajtur hudh\u00ebr n\u00eb \u00e7orapet e tij gjat\u00eb ndeshjes q\u00eb sipas tij largonte syrin e keq. N\u00eb nj\u00eb intervist\u00eb t\u00eb dh\u00ebn\u00eb s\u00eb fundmi p\u00ebr \u201cThe Athletic\u201d, mbrojt\u00ebsi shqiptar Geraldo Bajrami, iu ka shpjeguar anglez\u00ebve edhe q\u00ebllimin e mbajtjes s\u00eb hudhr\u00ebs n\u00eb \u00e7orape.<\/p>\n<p>&#8220;Djemt\u00eb m\u00eb kan\u00eb tallur p\u00ebr hudhr\u00ebn. E vendosa pran\u00eb k\u00ebpuc\u00ebs sime p\u00ebr t\u00eb mbajtur larg syrin e keq dhe ata q\u00eb d\u00ebshirojn\u00eb gj\u00ebra t\u00eb k\u00ebqija p\u00ebr mua. \u00cbsht\u00eb nj\u00eb gj\u00eb shqiptare. E p\u00ebrdorim p\u00ebr t\u00eb mbajtur larg energjin\u00eb negative Mbrojt\u00ebsi yn\u00eb i majt\u00eb, Kaleb Ri\u00e7ards, m\u00eb pyeti pse e p\u00ebrdora hudhr\u00ebn para raundit t\u00eb fundit t\u00eb FA Cup dhe ia shpjegova arsyet. Tani ai po m\u00eb pyet n\u00ebse mund t\u2019i marr nj\u00eb sepse gjith\u00e7ka po funksionon mjaft mir\u00eb\u201d.- tha Bajrami.<\/p>","protected":false},"excerpt":{"rendered":"<p>Qend\u00ebrmbrojt\u00ebsi shqiptar Geraldo Bajrami \u00ebsht\u00eb b\u00ebr\u00eb kryefjal\u00eb n\u00eb futbollin anglez p\u00ebr nj\u00eb detaj q\u00eb po komentohet gjer\u00ebsisht nga mediat britanike. B\u00ebhet me dije se gjat\u00eb aventur\u00ebs s\u00eb tij n\u00eb FA Cup n\u00eb muajin tetor nj\u00eb bes\u00ebtytni e futbollistit shqiptarit ,i ka sjell\u00eb fat skuadr\u00ebs angleze. Bajrami ka mbajtur hudh\u00ebr n\u00eb \u00e7orapet e tij gjat\u00eb ndeshjes [&hellip;]<\/p>\n","protected":false},"author":2030,"featured_media":234613,"comment_status":"closed","ping_status":"closed","sticky":false,"template":"","format":"standard","meta":{"footnotes":""},"categories":[241,231,192],"tags":[],"class_list":{"0":"post-234612","1":"post","2":"type-post","3":"status-publish","4":"format-standard","5":"has-post-thumbnail","7":"category-aktualitet","8":"category-lajme","9":"category-sport"},"_links":{"self":[{"href":"https:\/\/zjarr.tv\/en\/wp-json\/wp\/v2\/posts\/234612","targetHints":{"allow":["GET"]}}],"collection":[{"href":"https:\/\/zjarr.tv\/en\/wp-json\/wp\/v2\/posts"}],"about":[{"href":"https:\/\/zjarr.tv\/en\/wp-json\/wp\/v2\/types\/post"}],"author":[{"embeddable":true,"href":"https:\/\/zjarr.tv\/en\/wp-json\/wp\/v2\/users\/2030"}],"replies":[{"embeddable":true,"href":"https:\/\/zjarr.tv\/en\/wp-json\/wp\/v2\/comments?post=234612"}],"version-history":[{"count":0,"href":"https:\/\/zjarr.tv\/en\/wp-json\/wp\/v2\/posts\/234612\/revisions"}],"wp:featuredmedia":[{"embeddable":true,"href":"https:\/\/zjarr.tv\/en\/wp-json\/wp\/v2\/media\/234613"}],"wp:attachment":[{"href":"https:\/\/zjarr.tv\/en\/wp-json\/wp\/v2\/media?parent=234612"}],"wp:term":[{"taxonomy":"category","embeddable":true,"href":"https:\/\/zjarr.tv\/en\/wp-json\/wp\/v2\/categories?post=234612"},{"taxonomy":"post_tag","embeddable":true,"href":"https:\/\/zjarr.tv\/en\/wp-json\/wp\/v2\/tags?post=234612"}],"curies":[{"name":"wp","href":"https:\/\/api.w.org\/{rel}","templated":true}]}}