{"id":234616,"date":"2022-02-03T18:31:14","date_gmt":"2022-02-03T17:31:14","guid":{"rendered":"https:\/\/zjarr.tv\/?p=234616"},"modified":"2022-02-03T18:31:14","modified_gmt":"2022-02-03T17:31:14","slug":"gazetari-ne-shba-robert-papa-zbulon-prapaskenat-ben-deklaraten-e-papritur-per-ramen-ju-tregoj-se-cfare-do-i-kerkoje-blinken-gjate-takimit-me-15-shkurt","status":"publish","type":"post","link":"https:\/\/zjarr.tv\/en\/gazetari-ne-shba-robert-papa-zbulon-prapaskenat-ben-deklaraten-e-papritur-per-ramen-ju-tregoj-se-cfare-do-i-kerkoje-blinken-gjate-takimit-me-15-shkurt\/","title":{"rendered":"Gazetari n\u00eb SHBA Robert Papa zbulon prapaskenat, b\u00ebn deklarat\u00ebn e papritur p\u00ebr Ram\u00ebn: Ju tregoj se \u00e7far\u00eb do i k\u00ebrkoj\u00eb Blinken gjat\u00eb takimit m\u00eb 15 shkurt"},"content":{"rendered":"<p>Kryeministri Edi Rama do t\u00eb takoj\u00eb m\u00eb 15 shkurt Sekretarin Amerikan t\u00eb Shtetit, Antony Blinken. P\u00ebr gazetarin n\u00eb SHBA Robert Papa, ky \u00ebsht\u00eb nj\u00eb takim protokollar q\u00eb nuk duhet par\u00eb si mb\u00ebshtetje.<\/p>\n<p>\u201cFtes\u00eb nuk ka, jan\u00eb p\u00ebrralla t\u00eb vjetra. Shqip\u00ebria ka mandatin p\u00ebr kryesin\u00eb e k\u00ebshillit t\u00eb sigurimit n\u00eb OKB. Ftes\u00eb nuk ka por protokolli \u00ebsht\u00eb \u201cn\u00ebse je n\u00eb qytet, t\u00eb presim\u201d. Mos t\u00eb ngat\u00ebrrojm\u00eb protokollin me mb\u00ebshtetjen ndaj tij. Rama duhet t\u00eb ndal\u00eb propagand\u00ebn, nuk ka ftes\u00eb. Ti je n\u00eb Uashington, ata t\u00eb takojn\u00eb. Por nuk \u00ebsht\u00eb mb\u00ebshtetje personale ndaj tij.Rama ka qen\u00eb maestro i k\u00ebtyre, arriti t\u00eb merrte nj\u00eb takim n\u00eb sht\u00ebpin\u00eb e Bardh\u00eb duke p\u00ebrfituar n\u00eb kurriz t\u00eb interesave t\u00eb shqiptar\u00ebve\u201d, tha Papa p\u00ebr MCN Tv.<\/p>\n<p>Sipas Pap\u00ebs, gjasat jan\u00eb q\u00eb gjat\u00eb takimit, Blinken t\u00eb k\u00ebrkoj\u00eb di\u00e7ka nga Rama, kjo n\u00ebse marrim parasysh situat\u00ebn e krijuar n\u00eb veri t\u00eb Ukrain\u00ebs.<\/p>\n<p>\u201cAta mund t\u00eb k\u00ebrkojn\u00eb nj\u00eb nd\u00ebrmjet\u00ebsim dhe me pozit\u00ebn e K\u00ebshillit t\u00eb Sigurimit. M\u00eb shum\u00eb mund t\u00eb jet\u00eb me trupat q\u00eb amerikan\u00ebt duan t\u00eb vendosen n\u00eb vendet e NATO-s. Mbase pun\u00eb trupash nuk \u00ebsht\u00eb, por ajo baza n\u00eb Ku\u00e7ov\u00eb mund t\u00eb jet\u00eb di\u00e7ka. Por Amerika ka treguar se k\u00ebt\u00eb k\u00ebshill e ka anashkaluar shum\u00eb her\u00eb\u201d, tha ai.<\/p>","protected":false},"excerpt":{"rendered":"<p>Kryeministri Edi Rama do t\u00eb takoj\u00eb m\u00eb 15 shkurt Sekretarin Amerikan t\u00eb Shtetit, Antony Blinken. P\u00ebr gazetarin n\u00eb SHBA Robert Papa, ky \u00ebsht\u00eb nj\u00eb takim protokollar q\u00eb nuk duhet par\u00eb si mb\u00ebshtetje. \u201cFtes\u00eb nuk ka, jan\u00eb p\u00ebrralla t\u00eb vjetra. Shqip\u00ebria ka mandatin p\u00ebr kryesin\u00eb e k\u00ebshillit t\u00eb sigurimit n\u00eb OKB. Ftes\u00eb nuk ka por protokolli [&hellip;]<\/p>\n","protected":false},"author":2030,"featured_media":234618,"comment_status":"closed","ping_status":"closed","sticky":false,"template":"","format":"standard","meta":{"footnotes":""},"categories":[241,3366,231],"tags":[],"class_list":{"0":"post-234616","1":"post","2":"type-post","3":"status-publish","4":"format-standard","5":"has-post-thumbnail","7":"category-aktualitet","8":"category-koment","9":"category-lajme"},"_links":{"self":[{"href":"https:\/\/zjarr.tv\/en\/wp-json\/wp\/v2\/posts\/234616","targetHints":{"allow":["GET"]}}],"collection":[{"href":"https:\/\/zjarr.tv\/en\/wp-json\/wp\/v2\/posts"}],"about":[{"href":"https:\/\/zjarr.tv\/en\/wp-json\/wp\/v2\/types\/post"}],"author":[{"embeddable":true,"href":"https:\/\/zjarr.tv\/en\/wp-json\/wp\/v2\/users\/2030"}],"replies":[{"embeddable":true,"href":"https:\/\/zjarr.tv\/en\/wp-json\/wp\/v2\/comments?post=234616"}],"version-history":[{"count":0,"href":"https:\/\/zjarr.tv\/en\/wp-json\/wp\/v2\/posts\/234616\/revisions"}],"wp:featuredmedia":[{"embeddable":true,"href":"https:\/\/zjarr.tv\/en\/wp-json\/wp\/v2\/media\/234618"}],"wp:attachment":[{"href":"https:\/\/zjarr.tv\/en\/wp-json\/wp\/v2\/media?parent=234616"}],"wp:term":[{"taxonomy":"category","embeddable":true,"href":"https:\/\/zjarr.tv\/en\/wp-json\/wp\/v2\/categories?post=234616"},{"taxonomy":"post_tag","embeddable":true,"href":"https:\/\/zjarr.tv\/en\/wp-json\/wp\/v2\/tags?post=234616"}],"curies":[{"name":"wp","href":"https:\/\/api.w.org\/{rel}","templated":true}]}}