{"id":234621,"date":"2022-02-03T18:32:56","date_gmt":"2022-02-03T17:32:56","guid":{"rendered":"https:\/\/zjarr.tv\/?p=234621"},"modified":"2022-02-03T18:32:56","modified_gmt":"2022-02-03T17:32:56","slug":"pse-heshti-per-problemet-kur-ishte-zv-kryeminister-erion-brace-tregon-se-cfare-e-pengonte-te-fliste-me-liri-te-plote","status":"publish","type":"post","link":"https:\/\/zjarr.tv\/en\/pse-heshti-per-problemet-kur-ishte-zv-kryeminister-erion-brace-tregon-se-cfare-e-pengonte-te-fliste-me-liri-te-plote\/","title":{"rendered":"Pse heshti p\u00ebr problemet kur ishte zv\/kryeminist\u00ebr? Erion Bra\u00e7e tregon se \u00e7far\u00eb e pengonte t\u00eb fliste me liri t\u00eb plot\u00eb"},"content":{"rendered":"<p>Deputeti i Partis\u00eb Socialiste, Erion Bra\u00e7e foli p\u00ebr reagimet e tij me z\u00eb t\u00eb lart\u00eb lidhur me problematika t\u00eb ndryshme, sidomos n\u00eb Bujq\u00ebsi.<\/p>\n<p>I pyetur se pse k\u00ebto reagime nuk i b\u00ebnte edhe kur ishte zv\/kryeminist\u00ebr, Bra\u00e7e tha se reagimet e tij kan\u00eb qen\u00eb t\u00eb nj\u00ebjtat por lirin\u00eb e plot\u00eb ia pengonte Kodi Etik i K\u00ebshillit t\u00eb Ministrave.<\/p>\n<p>\u201cHeshtja ime? Po p\u00ebr \u00e7far\u00eb? Kur je brenda nj\u00eb qeverie, dit\u00ebn e par\u00eb t\u00eb japin 2 dokumenta, kodin etik t\u00eb K\u00ebshillit t\u00eb Ministrave dhe Kushtetu\u00ebn, p\u00ebrve\u00e7 betimit duhet t\u00eb respektosh disa rregulla. Dhe kam qen\u00eb korrekt si me Kushtetut\u00ebn dhe K\u00ebshillin e Ministrave.<\/p>\n<p>Un\u00eb gjithmon\u00eb gj\u00ebrat i kam th\u00ebn\u00eb me z\u00eb t\u00eb lart\u00eb, si brenda ashtu dhe jasht\u00eb qeveris\u00eb. I them tani se kam gjith\u00eb lirin\u00eb q\u00eb m\u00eb par\u00eb ma kishte penguar kodi etik i K\u00ebshillit t\u00eb Ministrave. Pysni koleg\u00ebt e mi p\u00ebr t\u00eb gjitha k\u00ebto \u00e7\u00ebshtje, edhe kryeministrin p\u00ebr kontestimet e mia, me t\u00eb dhe t\u00eb tjer\u00eb njer\u00ebz,\u201d tha Bra\u00e7e p\u00ebr Top News.<\/p>","protected":false},"excerpt":{"rendered":"<p>Deputeti i Partis\u00eb Socialiste, Erion Bra\u00e7e foli p\u00ebr reagimet e tij me z\u00eb t\u00eb lart\u00eb lidhur me problematika t\u00eb ndryshme, sidomos n\u00eb Bujq\u00ebsi. I pyetur se pse k\u00ebto reagime nuk i b\u00ebnte edhe kur ishte zv\/kryeminist\u00ebr, Bra\u00e7e tha se reagimet e tij kan\u00eb qen\u00eb t\u00eb nj\u00ebjtat por lirin\u00eb e plot\u00eb ia pengonte Kodi Etik i [&hellip;]<\/p>\n","protected":false},"author":2030,"featured_media":188080,"comment_status":"closed","ping_status":"closed","sticky":false,"template":"","format":"standard","meta":{"footnotes":""},"categories":[241,3366,5380,231],"tags":[],"class_list":{"0":"post-234621","1":"post","2":"type-post","3":"status-publish","4":"format-standard","5":"has-post-thumbnail","7":"category-aktualitet","8":"category-koment","9":"category-kryesore","10":"category-lajme"},"_links":{"self":[{"href":"https:\/\/zjarr.tv\/en\/wp-json\/wp\/v2\/posts\/234621","targetHints":{"allow":["GET"]}}],"collection":[{"href":"https:\/\/zjarr.tv\/en\/wp-json\/wp\/v2\/posts"}],"about":[{"href":"https:\/\/zjarr.tv\/en\/wp-json\/wp\/v2\/types\/post"}],"author":[{"embeddable":true,"href":"https:\/\/zjarr.tv\/en\/wp-json\/wp\/v2\/users\/2030"}],"replies":[{"embeddable":true,"href":"https:\/\/zjarr.tv\/en\/wp-json\/wp\/v2\/comments?post=234621"}],"version-history":[{"count":0,"href":"https:\/\/zjarr.tv\/en\/wp-json\/wp\/v2\/posts\/234621\/revisions"}],"wp:featuredmedia":[{"embeddable":true,"href":"https:\/\/zjarr.tv\/en\/wp-json\/wp\/v2\/media\/188080"}],"wp:attachment":[{"href":"https:\/\/zjarr.tv\/en\/wp-json\/wp\/v2\/media?parent=234621"}],"wp:term":[{"taxonomy":"category","embeddable":true,"href":"https:\/\/zjarr.tv\/en\/wp-json\/wp\/v2\/categories?post=234621"},{"taxonomy":"post_tag","embeddable":true,"href":"https:\/\/zjarr.tv\/en\/wp-json\/wp\/v2\/tags?post=234621"}],"curies":[{"name":"wp","href":"https:\/\/api.w.org\/{rel}","templated":true}]}}