{"id":234889,"date":"2022-02-05T12:50:59","date_gmt":"2022-02-05T11:50:59","guid":{"rendered":"https:\/\/zjarr.tv\/?p=234889"},"modified":"2022-02-05T12:51:25","modified_gmt":"2022-02-05T11:51:25","slug":"kaloi-vettingun-vitin-e-kaluar-kush-eshte-gjyqtari-qe-futi-ne-burg-saimir-tahirin","status":"publish","type":"post","link":"https:\/\/zjarr.tv\/en\/kaloi-vettingun-vitin-e-kaluar-kush-eshte-gjyqtari-qe-futi-ne-burg-saimir-tahirin\/","title":{"rendered":"Kaloi Vettingun vitin e kaluar, kush \u00ebsht\u00eb gjyqtari q\u00eb futi n\u00eb burg Saimir Tahirin"},"content":{"rendered":"<p>Pas 5 vjet\u00ebsh betej\u00eb ligjore, ish-ministri i Brendsh\u00ebm Saimir Tahiri u d\u00ebnua sot me 5 vjet heqje lirie nga apeli i GJKKO. Duke p\u00ebrfituar nga gjykimi i shkurtuar Tahiri parashikohet t\u00eb buaj 3.4 vite burg, por avokati i tij mbrojt\u00ebs, Maks Haxhia ka deklaruar se do t\u00eb b\u00ebj\u00eb rekurs n\u00eb Gjykat\u00ebn e Lart\u00eb, nd\u00ebrsa d\u00ebnimin e quajti t\u00eb padrejt\u00eb.<\/p>\n<p>Tahirit i jan\u00eb v\u00ebn\u00eb prangat dhe u shoq\u00ebruar n\u00eb Drejtorin\u00eb e P\u00ebrgjithshme t\u00eb Policis\u00eb p\u00ebr tu d\u00ebrguar m\u00eb pas n\u00eb paraburgim tek \u201c313\u201d.<\/p>\n<p>Gjykata e gjeti fajtor Saimir Tahirin p\u00ebr lidhjet me kush\u00ebrinjt\u00eb e larg\u00ebt, Habilaj, Moisiun dhe Artanin, duke e akuzuar p\u00ebr shp\u00ebrdorim t\u00eb detyr\u00ebs.<\/p>\n<p>Por cila ishte trupa gjyq\u00ebsore q\u00eb d\u00ebnoi ish-ministrin?<\/p>\n<p>Kryesuesi i trup\u00ebs ishte Engert P\u00ebllumbi me an\u00ebtar\u00eb Igerta Hysin dhe Florian Kalan\u00eb. Megjith\u00ebse prokuror\u00ebt e \u00e7\u00ebshtjes, Dritan Pren\u00e7i dhe Vladimir Mara u q\u00ebndruan akuzave p\u00ebr trafik narkotik\u00ebsh dhe grup i strukturuar kriminal, trupi gjykues vendosi t\u00eb l\u00ebr\u00eb n\u00eb fuqi vendimin e shtatorit 2019 t\u00eb ish-Gjykat\u00ebs s\u00eb Shkall\u00ebs s\u00eb Par\u00eb p\u00ebr Krime t\u00eb R\u00ebnda, q\u00eb e d\u00ebnoi Tahirin me 5 vjet heqje lirie p\u00ebr shp\u00ebrdorim detyre, q\u00eb p\u00ebr shkak t\u00eb gjykimit t\u00eb shkurtuar u reduktua me 3.4 vjet. Ndryshe nga vendimi i m\u00ebparsh\u00ebm, pezullimi i d\u00ebnimit p\u00ebr Tahirin u cil\u00ebsua i pabazuar duke e \u00e7uar pas hekurave.<\/p>\n<p>Engert P\u00ebllumbi i komanduar n\u00eb Gjykat\u00ebn e Apelit t\u00eb Vlor\u00ebs n\u00eb tetor t\u00eb vitit t\u00eb kaluar kaloi vetingun. Ai p\u00ebrfundoi studimet n\u00eb Shkoll\u00ebn e Magjistratur\u00ebs n\u00eb vitin 2011 dhe u em\u00ebrua gjyqtar n\u00eb Gjykat\u00ebn e Fierit. N\u00eb vitet 2017-2020, P\u00ebllumbi punoi si k\u00ebshilltar ligjor n\u00eb Gjykat\u00ebn e Lart\u00eb dhe prej n\u00ebntorit 2020 e ushtron funksionin n\u00eb Gjykat\u00ebn e Apelit t\u00eb Vlor\u00ebs si pjes\u00eb e skem\u00ebs s\u00eb delegimit.<\/p>\n<p>Gjyqtarja Igerta Hysi e Gjykat\u00ebs s\u00eb Fierit u konfirmua n\u00eb detyr\u00eb n\u00eb n\u00ebntor t\u00eb 2021 duke kaluar me sukses vetingun. Hysi ka p\u00ebrfunduar studimet n\u00eb Shkoll\u00ebn e Magjistratur\u00ebs n\u00eb vitin 2010 dhe pas kryerjes s\u00eb stazhit n\u00eb Gjykat\u00ebn e Tiran\u00ebs, u em\u00ebrua n\u00eb vitin 2011 n\u00eb Gjykat\u00ebn e Rrethit Fier.<\/p>\n<p>Florjan Kalaja u konfirmua n\u00eb detyr\u00eb n\u00eb dhjetor 2020. Kalaja ka p\u00ebrfunduar studimet n\u00eb Shkoll\u00ebn e Magjistratur\u00ebs n\u00eb vitin 2011 dhe \u00ebsht\u00eb em\u00ebruar n\u00eb t\u00eb nj\u00ebjtin vit n\u00eb Gjykat\u00ebn e Vlor\u00ebs. N\u00eb vitet 2016-2019, ai ka punuar si ndihm\u00ebsmagjistrat n\u00eb Gjykat\u00ebn e Lart\u00eb, m\u00eb pas gjyqtar i deleguar pran\u00eb Gjykat\u00ebs s\u00eb Apelit Durr\u00ebs.<\/p>","protected":false},"excerpt":{"rendered":"<p>Pas 5 vjet\u00ebsh betej\u00eb ligjore, ish-ministri i Brendsh\u00ebm Saimir Tahiri u d\u00ebnua sot me 5 vjet heqje lirie nga apeli i GJKKO. Duke p\u00ebrfituar nga gjykimi i shkurtuar Tahiri parashikohet t\u00eb buaj 3.4 vite burg, por avokati i tij mbrojt\u00ebs, Maks Haxhia ka deklaruar se do t\u00eb b\u00ebj\u00eb rekurs n\u00eb Gjykat\u00ebn e Lart\u00eb, nd\u00ebrsa d\u00ebnimin [&hellip;]<\/p>\n","protected":false},"author":2030,"featured_media":234893,"comment_status":"closed","ping_status":"closed","sticky":false,"template":"","format":"standard","meta":{"footnotes":""},"categories":[241,5380],"tags":[],"class_list":{"0":"post-234889","1":"post","2":"type-post","3":"status-publish","4":"format-standard","5":"has-post-thumbnail","7":"category-aktualitet","8":"category-kryesore"},"_links":{"self":[{"href":"https:\/\/zjarr.tv\/en\/wp-json\/wp\/v2\/posts\/234889","targetHints":{"allow":["GET"]}}],"collection":[{"href":"https:\/\/zjarr.tv\/en\/wp-json\/wp\/v2\/posts"}],"about":[{"href":"https:\/\/zjarr.tv\/en\/wp-json\/wp\/v2\/types\/post"}],"author":[{"embeddable":true,"href":"https:\/\/zjarr.tv\/en\/wp-json\/wp\/v2\/users\/2030"}],"replies":[{"embeddable":true,"href":"https:\/\/zjarr.tv\/en\/wp-json\/wp\/v2\/comments?post=234889"}],"version-history":[{"count":0,"href":"https:\/\/zjarr.tv\/en\/wp-json\/wp\/v2\/posts\/234889\/revisions"}],"wp:featuredmedia":[{"embeddable":true,"href":"https:\/\/zjarr.tv\/en\/wp-json\/wp\/v2\/media\/234893"}],"wp:attachment":[{"href":"https:\/\/zjarr.tv\/en\/wp-json\/wp\/v2\/media?parent=234889"}],"wp:term":[{"taxonomy":"category","embeddable":true,"href":"https:\/\/zjarr.tv\/en\/wp-json\/wp\/v2\/categories?post=234889"},{"taxonomy":"post_tag","embeddable":true,"href":"https:\/\/zjarr.tv\/en\/wp-json\/wp\/v2\/tags?post=234889"}],"curies":[{"name":"wp","href":"https:\/\/api.w.org\/{rel}","templated":true}]}}