{"id":234991,"date":"2022-02-05T16:10:08","date_gmt":"2022-02-05T15:10:08","guid":{"rendered":"https:\/\/zjarr.tv\/?p=234991"},"modified":"2022-02-05T16:10:08","modified_gmt":"2022-02-05T15:10:08","slug":"pas-arrestimit-te-tahirit-pritet-termet-ne-politiken-shqiptare-klodiana-lala-plas-bomben-ish-ministri-do-fundose-shume-veta","status":"publish","type":"post","link":"https:\/\/zjarr.tv\/en\/pas-arrestimit-te-tahirit-pritet-termet-ne-politiken-shqiptare-klodiana-lala-plas-bomben-ish-ministri-do-fundose-shume-veta\/","title":{"rendered":"Pas arrestimit t\u00eb Tahirit, pritet \u2018t\u00ebrmet\u2019 n\u00eb politik\u00ebn shqiptare! Klodiana Lala plas \u2018bomb\u00ebn\u2019: Ish-ministri do fundos\u00eb shum\u00eb veta!"},"content":{"rendered":"<p>Gazetarja Klodiana Lala ka b\u00ebr\u00eb nj\u00eb deklarat\u00eb t\u00eb fort\u00eb n\u00eb lidhje me d\u00ebnimin e ish-ministrit t\u00eb Brendsh\u00ebm Saimir Tahiri.<\/p>\n<p>Lala tha se Tahiri edhe mund t\u00eb flas\u00eb, duke fundosur k\u00ebshtu sipas saj emra t\u00eb tjer\u00eb politikan\u00ebsh t\u00eb r\u00ebnd\u00ebsish\u00ebm. Sipas gazetares, Tahiri nuk duhet t\u00eb jet\u00eb i vet\u00ebm n\u00eb qeli, pasi t\u00eb tjer\u00eb emra mund t\u00eb jen\u00eb t\u00eb p\u00ebrfshir\u00eb.<\/p>\n<p>\u201cDosja Tahiri nuk \u00ebsht\u00eb \u00e7\u00ebshtje SPAK, por dosje e vjet\u00ebr. Tahiri ka nj\u00eb hetim p\u00ebr shp\u00ebrdorim detyre. Tahiri nuk duhet t\u00eb ket\u00eb i vet\u00ebm n\u00eb qeli. pasi ku \u00ebsht\u00eb drejtori i policis\u00eb? Ku jan\u00eb ministrat e tjer\u00eb t\u00eb linj\u00ebs? A ka pasur dijeni kryeministri i vendit p\u00ebr kanabizimin? N\u00ebse Tahiri ka lejuar p\u00ebrhapjen e kanabizimit, ne kemi qen\u00eb d\u00ebshmitar q\u00eb ka pasur masivizim t\u00eb k\u00ebsaj situate, por a ishte p\u00ebrgjegj\u00ebs Tahiri? Drejt\u00ebsia \u00ebsht\u00eb e vonuar n\u00eb k\u00ebt\u00eb drejtim. A kemi ministra t\u00eb tjer\u00eb q\u00eb kan\u00eb shp\u00ebrdoruar? Patjet\u00ebr! Beqja, apo dhe ish-ministri Koka. Un\u00eb mendoj se Saimir Tahiri duhet t\u00eb flas\u00eb dhe t\u00eb tregoj\u00eb p\u00ebr p\u00ebrgjegj\u00ebsit, q\u00eb t\u00eb shkojn\u00eb pas hekurave. E tha dhe zoti Haxhiaj se disa politikan\u00eb duhet t\u00eb vishen trash\u00eb n\u00eb dim\u00ebr. Ndaj edhe Tahiri mund t\u00eb flas\u00eb. Zoti Haxhiaj e la t\u00eb n\u00ebnkuptohej se Tahiri edhe mund t\u00eb flas\u00eb. N\u00ebse Tahiri flet, un\u00eb mendoj se lajmi i djesh\u00ebm i arrestimit t\u00eb tij ka l\u00ebn\u00eb pa gjum\u00eb shum\u00eb politikan\u00eb dhe shum\u00eb personazhe t\u00eb tjer\u00eb. Saimir Tahiri nuk flet p\u00ebr nj\u00eb \u00e7ant\u00eb t\u00eb zez\u00eb hipotetike, por fundos shum\u00eb veta. Mbetet p\u00ebr t\u2019u par\u00eb n\u00ebse ai do t\u00eb tregoj\u00eb apo jo p\u00ebr koh\u00ebn kur ai ishte minist\u00ebr kampion.\u201d, tha Lala.<\/p>\n<p>Nd\u00ebr t\u00eb tjera Lala tha se rekursi n\u00eb Gjykat\u00ebn e Lart\u00eb do t\u00eb k\u00ebrkoj\u00eb koh\u00eb q\u00eb t\u00eb shqyrtoj\u00eb \u00e7\u00ebshtjen.<\/p>\n<p>\u201cUn\u00eb mendoj se Gjykata e Lart\u00eb do doj\u00eb koh\u00eb t\u00eb shqyrtoj\u00eb rekursin dhe mund t\u00eb ndodh\u00eb t\u00eb p\u00ebrfundojn\u00eb d\u00ebnimin edhe para se kjo Gjykat\u00eb ta nxjerr\u00eb vendimin. Besoj se pas 7 apo 8 muajsh mund t\u00eb jemi bashk\u00eb p\u00ebr t\u00eb folur. Theksi im \u00ebsht\u00eb ky a \u00ebsht\u00eb i vet\u00ebm Tahir, padiskutim q\u00eb jo! N\u00ebse nuk \u00ebsht\u00eb i vetmi person p\u00ebrgjegj\u00ebs, do t\u00eb duhet q\u00eb Tahiri duhet t\u00eb shkonte deri te vepra penale e trafikut t\u00eb drog\u00ebs, n\u00ebse \u00ebsht\u00eb provuar lidhja me Habilajt.\u201d, p\u00ebrfundoi Lala.<\/p>","protected":false},"excerpt":{"rendered":"<p>Gazetarja Klodiana Lala ka b\u00ebr\u00eb nj\u00eb deklarat\u00eb t\u00eb fort\u00eb n\u00eb lidhje me d\u00ebnimin e ish-ministrit t\u00eb Brendsh\u00ebm Saimir Tahiri. Lala tha se Tahiri edhe mund t\u00eb flas\u00eb, duke fundosur k\u00ebshtu sipas saj emra t\u00eb tjer\u00eb politikan\u00ebsh t\u00eb r\u00ebnd\u00ebsish\u00ebm. Sipas gazetares, Tahiri nuk duhet t\u00eb jet\u00eb i vet\u00ebm n\u00eb qeli, pasi t\u00eb tjer\u00eb emra mund t\u00eb [&hellip;]<\/p>\n","protected":false},"author":2030,"featured_media":234994,"comment_status":"closed","ping_status":"closed","sticky":false,"template":"","format":"standard","meta":{"footnotes":""},"categories":[241,3366,231],"tags":[],"class_list":{"0":"post-234991","1":"post","2":"type-post","3":"status-publish","4":"format-standard","5":"has-post-thumbnail","7":"category-aktualitet","8":"category-koment","9":"category-lajme"},"_links":{"self":[{"href":"https:\/\/zjarr.tv\/en\/wp-json\/wp\/v2\/posts\/234991","targetHints":{"allow":["GET"]}}],"collection":[{"href":"https:\/\/zjarr.tv\/en\/wp-json\/wp\/v2\/posts"}],"about":[{"href":"https:\/\/zjarr.tv\/en\/wp-json\/wp\/v2\/types\/post"}],"author":[{"embeddable":true,"href":"https:\/\/zjarr.tv\/en\/wp-json\/wp\/v2\/users\/2030"}],"replies":[{"embeddable":true,"href":"https:\/\/zjarr.tv\/en\/wp-json\/wp\/v2\/comments?post=234991"}],"version-history":[{"count":0,"href":"https:\/\/zjarr.tv\/en\/wp-json\/wp\/v2\/posts\/234991\/revisions"}],"wp:featuredmedia":[{"embeddable":true,"href":"https:\/\/zjarr.tv\/en\/wp-json\/wp\/v2\/media\/234994"}],"wp:attachment":[{"href":"https:\/\/zjarr.tv\/en\/wp-json\/wp\/v2\/media?parent=234991"}],"wp:term":[{"taxonomy":"category","embeddable":true,"href":"https:\/\/zjarr.tv\/en\/wp-json\/wp\/v2\/categories?post=234991"},{"taxonomy":"post_tag","embeddable":true,"href":"https:\/\/zjarr.tv\/en\/wp-json\/wp\/v2\/tags?post=234991"}],"curies":[{"name":"wp","href":"https:\/\/api.w.org\/{rel}","templated":true}]}}