{"id":235048,"date":"2022-02-05T20:56:41","date_gmt":"2022-02-05T19:56:41","guid":{"rendered":"https:\/\/zjarr.tv\/?p=235048"},"modified":"2022-02-05T20:56:41","modified_gmt":"2022-02-05T19:56:41","slug":"zgjedhjet-e-6-marsit-veliaj-skuadrat-ne-vore-dhe-rrogozhine-po-punojne-per-te-tejkaluar-veten-presim-nje-rezultat-me-te-mire-se-heren-e-fundit","status":"publish","type":"post","link":"https:\/\/zjarr.tv\/en\/zgjedhjet-e-6-marsit-veliaj-skuadrat-ne-vore-dhe-rrogozhine-po-punojne-per-te-tejkaluar-veten-presim-nje-rezultat-me-te-mire-se-heren-e-fundit\/","title":{"rendered":"Zgjedhjet e 6 Marsit, Veliaj: Skuadrat n\u00eb Vor\u00eb dhe Rrogozhin\u00eb po punojn\u00eb p\u00ebr t\u00eb tejkaluar veten, presim nj\u00eb rezultat m\u00eb t\u00eb mir\u00eb se her\u00ebn e fundit"},"content":{"rendered":"<p>P\u00ebr zgjedhjet e 6 marsit, kreu i Bashkis\u00eb s\u00eb Tiran\u00ebs, Erion Veliaj, u shpreh se skuadra e tij po punon p\u00ebr t\u00eb tejkaluar rezultatin q\u00eb mori n\u00eb prill t\u00eb vitit 2021.<\/p>\n<p>Sipas tij, Vora ka qen\u00eb nj\u00eb nga zonat m\u00eb t\u00eb v\u00ebshtira p\u00ebr PS-n\u00eb, por tani duhet t\u00eb punohet fort n\u00eb m\u00ebnyr\u00eb q\u00eb edhe ajo zon\u00eb t\u00eb votoj\u00eb p\u00ebr Partin\u00eb Socialiste.<\/p>\n<p>\u201cSkuadra ime n\u00eb Vor\u00eb dhe n\u00eb Rrogozhin\u00eb, po punon p\u00ebr t\u00eb mundur veten ton\u00eb. Pra, p\u00ebr t\u00eb dal\u00eb m\u00eb t\u00eb mir\u00eb se\u00e7 ishim. Sigurisht q\u00eb jan\u00eb dy bashki shum\u00eb specifike. Vora n\u00eb 20 vitet e fundit ka qen\u00eb fort djathtas, n\u00eb disa komuna t\u00eb Vor\u00ebs n\u00eb B\u00ebrxull\u00eb, ne kemi qen\u00eb forc\u00eb e tret\u00eb. PD-ja, LSI-ja, dhe pastaj ne.<\/p>\n<p> K\u00ebshtu q\u00eb n\u00eb prill t\u00eb 2021, ne dol\u00ebm n\u00eb t\u00eb dyja mbi 55 %. \u00c7\u00ebshtja \u00ebsht\u00eb q\u00eb \u00ebsht\u00eb p\u00ebrjashtim nga rregulli, apo do ta kthejm\u00eb n\u00eb rregull, pra q\u00eb kthehen majtas. Edhe Rrogozhina e nj\u00ebjta gj\u00eb, ka qen\u00eb nj\u00eb komun\u00eb e PDIU-s\u00eb. U rikthye n\u00eb PS. Pat\u00ebm nj\u00eb rezultat shum\u00eb t\u00eb mir\u00eb n\u00eb dat\u00ebn 25 Prill t\u00eb 2021. Por ama duhet t\u00eb punojm\u00eb shum\u00eb fort tani, q\u00eb t\u00eb ruajm\u00eb k\u00ebt\u00eb rezultat\u201d, theksoi ai.<\/p>","protected":false},"excerpt":{"rendered":"<p>P\u00ebr zgjedhjet e 6 marsit, kreu i Bashkis\u00eb s\u00eb Tiran\u00ebs, Erion Veliaj, u shpreh se skuadra e tij po punon p\u00ebr t\u00eb tejkaluar rezultatin q\u00eb mori n\u00eb prill t\u00eb vitit 2021. Sipas tij, Vora ka qen\u00eb nj\u00eb nga zonat m\u00eb t\u00eb v\u00ebshtira p\u00ebr PS-n\u00eb, por tani duhet t\u00eb punohet fort n\u00eb m\u00ebnyr\u00eb q\u00eb edhe ajo [&hellip;]<\/p>\n","protected":false},"author":2031,"featured_media":235049,"comment_status":"closed","ping_status":"closed","sticky":false,"template":"","format":"standard","meta":{"footnotes":""},"categories":[241,231,235],"tags":[],"class_list":{"0":"post-235048","1":"post","2":"type-post","3":"status-publish","4":"format-standard","5":"has-post-thumbnail","7":"category-aktualitet","8":"category-lajme","9":"category-vendi"},"_links":{"self":[{"href":"https:\/\/zjarr.tv\/en\/wp-json\/wp\/v2\/posts\/235048","targetHints":{"allow":["GET"]}}],"collection":[{"href":"https:\/\/zjarr.tv\/en\/wp-json\/wp\/v2\/posts"}],"about":[{"href":"https:\/\/zjarr.tv\/en\/wp-json\/wp\/v2\/types\/post"}],"author":[{"embeddable":true,"href":"https:\/\/zjarr.tv\/en\/wp-json\/wp\/v2\/users\/2031"}],"replies":[{"embeddable":true,"href":"https:\/\/zjarr.tv\/en\/wp-json\/wp\/v2\/comments?post=235048"}],"version-history":[{"count":0,"href":"https:\/\/zjarr.tv\/en\/wp-json\/wp\/v2\/posts\/235048\/revisions"}],"wp:featuredmedia":[{"embeddable":true,"href":"https:\/\/zjarr.tv\/en\/wp-json\/wp\/v2\/media\/235049"}],"wp:attachment":[{"href":"https:\/\/zjarr.tv\/en\/wp-json\/wp\/v2\/media?parent=235048"}],"wp:term":[{"taxonomy":"category","embeddable":true,"href":"https:\/\/zjarr.tv\/en\/wp-json\/wp\/v2\/categories?post=235048"},{"taxonomy":"post_tag","embeddable":true,"href":"https:\/\/zjarr.tv\/en\/wp-json\/wp\/v2\/tags?post=235048"}],"curies":[{"name":"wp","href":"https:\/\/api.w.org\/{rel}","templated":true}]}}