{"id":235053,"date":"2022-02-05T21:12:54","date_gmt":"2022-02-05T20:12:54","guid":{"rendered":"https:\/\/zjarr.tv\/?p=235053"},"modified":"2022-02-06T07:18:21","modified_gmt":"2022-02-06T06:18:21","slug":"denimi-i-saimir-tahirit-erion-brace-perplaset-me-sali-berishen","status":"publish","type":"post","link":"https:\/\/zjarr.tv\/en\/denimi-i-saimir-tahirit-erion-brace-perplaset-me-sali-berishen\/","title":{"rendered":"Erion Bra\u00e7e \u2018p\u00ebrplaset\u2019 me Sali Berish\u00ebn"},"content":{"rendered":"<p>Deputeti i Partis\u00eb Socialiste, Erion Bra\u00e7e, p\u00ebrmes rrjeteve sociale ka reaguar lidhur me d\u00ebnimin q\u00eb gjykata i ka dh\u00ebn\u00eb ish-ministrit Saimir Tahiri.<\/p>\n<p>Bra\u00e7e ka ironizuar reagimin e ish-kryeministrit Sali Berisha p\u00ebr d\u00ebnimin me 3.4 vite burg ndaj Saimir Tahirit.<\/p>\n<p>Nga ana tjet\u00ebr kujtojm\u00eb se Berisha tha q\u00eb vendimi p\u00ebr ish-ministrin e Brendsh\u00ebm \u00ebsht\u00eb qesharak dhe se n\u00eb \u00e7do vend normal s\u2019mund t\u00eb ishte kurr\u00eb n\u00ebn 42 vite .<\/p>","protected":false},"excerpt":{"rendered":"<p>Deputeti i Partis\u00eb Socialiste, Erion Bra\u00e7e, p\u00ebrmes rrjeteve sociale ka reaguar lidhur me d\u00ebnimin q\u00eb gjykata i ka dh\u00ebn\u00eb ish-ministrit Saimir Tahiri. Bra\u00e7e ka ironizuar reagimin e ish-kryeministrit Sali Berisha p\u00ebr d\u00ebnimin me 3.4 vite burg ndaj Saimir Tahirit. Nga ana tjet\u00ebr kujtojm\u00eb se Berisha tha q\u00eb vendimi p\u00ebr ish-ministrin e Brendsh\u00ebm \u00ebsht\u00eb qesharak dhe [&hellip;]<\/p>\n","protected":false},"author":2031,"featured_media":235054,"comment_status":"closed","ping_status":"closed","sticky":false,"template":"","format":"standard","meta":{"footnotes":""},"categories":[231],"tags":[],"class_list":{"0":"post-235053","1":"post","2":"type-post","3":"status-publish","4":"format-standard","5":"has-post-thumbnail","7":"category-lajme"},"_links":{"self":[{"href":"https:\/\/zjarr.tv\/en\/wp-json\/wp\/v2\/posts\/235053","targetHints":{"allow":["GET"]}}],"collection":[{"href":"https:\/\/zjarr.tv\/en\/wp-json\/wp\/v2\/posts"}],"about":[{"href":"https:\/\/zjarr.tv\/en\/wp-json\/wp\/v2\/types\/post"}],"author":[{"embeddable":true,"href":"https:\/\/zjarr.tv\/en\/wp-json\/wp\/v2\/users\/2031"}],"replies":[{"embeddable":true,"href":"https:\/\/zjarr.tv\/en\/wp-json\/wp\/v2\/comments?post=235053"}],"version-history":[{"count":0,"href":"https:\/\/zjarr.tv\/en\/wp-json\/wp\/v2\/posts\/235053\/revisions"}],"wp:featuredmedia":[{"embeddable":true,"href":"https:\/\/zjarr.tv\/en\/wp-json\/wp\/v2\/media\/235054"}],"wp:attachment":[{"href":"https:\/\/zjarr.tv\/en\/wp-json\/wp\/v2\/media?parent=235053"}],"wp:term":[{"taxonomy":"category","embeddable":true,"href":"https:\/\/zjarr.tv\/en\/wp-json\/wp\/v2\/categories?post=235053"},{"taxonomy":"post_tag","embeddable":true,"href":"https:\/\/zjarr.tv\/en\/wp-json\/wp\/v2\/tags?post=235053"}],"curies":[{"name":"wp","href":"https:\/\/api.w.org\/{rel}","templated":true}]}}