{"id":235057,"date":"2022-02-05T21:33:19","date_gmt":"2022-02-05T20:33:19","guid":{"rendered":"https:\/\/zjarr.tv\/?p=235057"},"modified":"2022-02-05T21:33:19","modified_gmt":"2022-02-05T20:33:19","slug":"cfare-ndodh-nese-shkarkohet-te-henen-meta-e-kam-mbaruar-misionin-tim-zero-shqetesim","status":"publish","type":"post","link":"https:\/\/zjarr.tv\/en\/cfare-ndodh-nese-shkarkohet-te-henen-meta-e-kam-mbaruar-misionin-tim-zero-shqetesim\/","title":{"rendered":"\u00c7far\u00eb ndodh n\u00ebse shkarkohet t\u00eb h\u00ebn\u00ebn? Meta: E kam mbaruar misionin tim, zero shqet\u00ebsim"},"content":{"rendered":"<p>Presidenti Ilir Meta ka folur n\u00eb lidhje me \u00e7\u00ebshtjen n\u00eb Gjykat\u00ebn Kushtetuese p\u00ebr shqyrtimin e k\u00ebrkes\u00ebs s\u00eb Kuvendit p\u00ebr shkarkimin e tij nga detyra. Meta deklaroi se e ka p\u00ebrfunduar misionin e tij q\u00eb pas 25 prillit nd\u00ebrsa shtoi se nuk ka asnj\u00eb problem n\u00ebse 24 korriku afrohet sot, pasi ai do kishte dashur t\u00eb kishte p\u00ebrfunduar k\u00ebt\u00eb detyr\u00eb q\u00eb dje.<\/p>\n<p>\u201cM\u00eb vjen p\u00ebr t\u00eb qeshur me k\u00ebt\u00eb atmosfer\u00eb q\u00eb p\u00ebrpiqen t\u00eb krijojn\u00eb sikur do ndodh\u00eb di\u00e7ka e madhe p\u00ebr t\u00eb hequr v\u00ebmendjen nga aferat. Dhe p\u00ebr t\u00eb harruar rritjen e \u00e7mimeve q\u00eb ndodhin kudo. <\/p>\n<p>P\u00ebrballja ime \u00ebsht\u00eb gjithmon\u00eb e hapur dhe transparente. N\u00eb respekt t\u00eb qytetar\u00ebve \u00e7do pyetje q\u00eb m\u00eb \u00ebsht\u00eb b\u00ebr\u00eb do i jap p\u00ebrgjigje publike. I ftoj qytetar\u00ebt e Shkodr\u00ebs t\u00eb na ndjekin. Un\u00eb jam n\u00eb krye t\u00eb detyr\u00ebs. Un\u00eb nuk jam k\u00ebtu p\u00ebr t\u00eb shprehur asnj\u00eb shqet\u00ebsim. Q\u00eb pas 25 prillit e kam p\u00ebrfunduar misionin tim si president i republik\u00ebs. Q\u00ebndroj p\u00ebr t\u00eb respektuar Kushtetut\u00ebn. N\u00ebse 24 Korriku do jet\u00eb sot, un\u00eb do doja t\u00eb isha dje. Nuk kam asnj\u00eb shqet\u00ebsim p\u00ebr k\u00ebt\u00eb \u00e7\u00ebshtje\u201d, u shpreh Meta n\u00eb Tv1 Channel n\u00eb Shkod\u00ebr.<\/p>\n<p>Ai n\u00ebnvizoi se \u00ebsht\u00eb i pari president p\u00ebr shum\u00eb \u00e7\u00ebshtje t\u00eb r\u00ebnd\u00ebsishme ku e kan\u00eb sjell\u00eb rrethanat gjat\u00eb koh\u00ebs kur ka qen\u00eb n\u00eb detyr\u00eb. Meta ironizoi komisionin hetimor t\u00eb ngritur p\u00ebr t\u00eb, duke shtuar se \u00ebsht\u00eb hetuar pse ka respektuar kushtetut\u00ebn.<\/p>\n<p>Nj\u00eb tjet\u00ebr risi m\u00eb kuptimin m\u00eb negativ p\u00ebr demokracin\u00eb. Mbeta i vet\u00ebm p\u00ebrball\u00eb nj\u00eb parlamenti me 122 kartona sepse \u00e7do gj\u00eb vepronte me komand\u00eb. Gjithmon\u00eb i ekspozuar nga komisione qesharake hetimore. Jam hetuar p\u00ebr mbrojtjen e demokracis\u00eb. P\u00ebr t\u00eb mos p\u00ebrmendur zgjedhjet vendore q\u00eb nuk ia shpjegon dot askujt n\u00eb Europ\u00eb. Nuk po m\u00ebrzitem q\u00eb jam dhe i pari q\u00eb shkoj nga nj\u00eb parlament i shkarkuar pas 25 Prillit, n\u00eb Gjykat\u00ebn Kushtetuese\u201d, deklaroi presidenti.<\/p>","protected":false},"excerpt":{"rendered":"<p>Presidenti Ilir Meta ka folur n\u00eb lidhje me \u00e7\u00ebshtjen n\u00eb Gjykat\u00ebn Kushtetuese p\u00ebr shqyrtimin e k\u00ebrkes\u00ebs s\u00eb Kuvendit p\u00ebr shkarkimin e tij nga detyra. Meta deklaroi se e ka p\u00ebrfunduar misionin e tij q\u00eb pas 25 prillit nd\u00ebrsa shtoi se nuk ka asnj\u00eb problem n\u00ebse 24 korriku afrohet sot, pasi ai do kishte dashur t\u00eb [&hellip;]<\/p>\n","protected":false},"author":2031,"featured_media":179131,"comment_status":"closed","ping_status":"closed","sticky":false,"template":"","format":"standard","meta":{"footnotes":""},"categories":[231],"tags":[],"class_list":{"0":"post-235057","1":"post","2":"type-post","3":"status-publish","4":"format-standard","5":"has-post-thumbnail","7":"category-lajme"},"_links":{"self":[{"href":"https:\/\/zjarr.tv\/en\/wp-json\/wp\/v2\/posts\/235057","targetHints":{"allow":["GET"]}}],"collection":[{"href":"https:\/\/zjarr.tv\/en\/wp-json\/wp\/v2\/posts"}],"about":[{"href":"https:\/\/zjarr.tv\/en\/wp-json\/wp\/v2\/types\/post"}],"author":[{"embeddable":true,"href":"https:\/\/zjarr.tv\/en\/wp-json\/wp\/v2\/users\/2031"}],"replies":[{"embeddable":true,"href":"https:\/\/zjarr.tv\/en\/wp-json\/wp\/v2\/comments?post=235057"}],"version-history":[{"count":0,"href":"https:\/\/zjarr.tv\/en\/wp-json\/wp\/v2\/posts\/235057\/revisions"}],"wp:featuredmedia":[{"embeddable":true,"href":"https:\/\/zjarr.tv\/en\/wp-json\/wp\/v2\/media\/179131"}],"wp:attachment":[{"href":"https:\/\/zjarr.tv\/en\/wp-json\/wp\/v2\/media?parent=235057"}],"wp:term":[{"taxonomy":"category","embeddable":true,"href":"https:\/\/zjarr.tv\/en\/wp-json\/wp\/v2\/categories?post=235057"},{"taxonomy":"post_tag","embeddable":true,"href":"https:\/\/zjarr.tv\/en\/wp-json\/wp\/v2\/tags?post=235057"}],"curies":[{"name":"wp","href":"https:\/\/api.w.org\/{rel}","templated":true}]}}