{"id":235064,"date":"2022-02-06T07:57:45","date_gmt":"2022-02-06T06:57:45","guid":{"rendered":"https:\/\/zjarr.tv\/?p=235064"},"modified":"2022-02-06T07:57:45","modified_gmt":"2022-02-06T06:57:45","slug":"denoi-saimir-tahirin-me-burg-gjyqtari-engert-pellumbi-u-denoncua-nga-ish-ministri-ne-2014","status":"publish","type":"post","link":"https:\/\/zjarr.tv\/en\/denoi-saimir-tahirin-me-burg-gjyqtari-engert-pellumbi-u-denoncua-nga-ish-ministri-ne-2014\/","title":{"rendered":"D\u00ebnoi Saimir Tahirin me burg, gjyqtari Engert P\u00ebllumbi u denoncua nga ish-ministri n\u00eb 2014"},"content":{"rendered":"<p>Ish-ministri Saimir Tahiri u d\u00ebnua dit\u00ebn e djeshme nga Gjykata e Posa\u00e7me e Apelit me 3 vite e 4 muaj burg.<\/p>\n<p>Por kush jan\u00eb 3 an\u00ebtar\u00ebt e trupit gjykues q\u00eb d\u00ebnuan ish-ministrin?<\/p>\n<p>Engert P\u00ebllumbi<\/p>\n<p>Engert P\u00ebllumbi nuk \u00ebsht\u00eb nj\u00eb em\u00ebr i panjohur p\u00ebr Saimir Tahirin, pasi ky i fundit e ka denoncuar n\u00eb vitin 2014 p\u00ebr lirimin e Hekuran Me\u00e7anajt, i ndaluar nga policia.<\/p>\n<p>Florian Kalaja<\/p>\n<p>Gjyqtari Florian Kalaja ka qen\u00eb shok shkolle me Engert P\u00ebllumbin, nd\u00ebrsa n\u00eb vitet 2016-2019, ai ka punuar si ndihm\u00ebs magjistrat n\u00eb Gjykat\u00ebn e Lart\u00eb, m\u00eb pas gjyqtar i deleguar pran\u00eb Gjykat\u00ebs s\u00eb Apelit Durr\u00ebs.<\/p>\n<p>Komisioni i Vettingut e ka konfirmuar n\u00eb detyr\u00eb n\u00eb dhjetor t\u00eb vitit 2020, edhe pse nga analiza financiare rezultoi me nj\u00eb balanc\u00eb negative n\u00eb shum\u00ebn 590 mij\u00eb lek\u00eb. <\/p>\n<p>Igerta Hysi<\/p>\n<p>Igerta Hysi u konfirmua n\u00eb detyr\u00eb nga Komisioni i Vettingut vet\u00ebm 3 muaj m\u00eb par\u00eb, n\u00eb n\u00ebtor t\u00eb bvitit 2021. Edhe pse Komisioni gjeti disa probleme n\u00eb pasurin\u00eb e gjyqtares, s\u00ebrish konfirmimi i saj nuk u kund\u00ebrshtua nga Komisioneri Publik dhe as nga Operacioni Nd\u00ebrkomb\u00ebtar i Monitorimit.<\/p>","protected":false},"excerpt":{"rendered":"<p>Ish-ministri Saimir Tahiri u d\u00ebnua dit\u00ebn e djeshme nga Gjykata e Posa\u00e7me e Apelit me 3 vite e 4 muaj burg. Por kush jan\u00eb 3 an\u00ebtar\u00ebt e trupit gjykues q\u00eb d\u00ebnuan ish-ministrin? Engert P\u00ebllumbi Engert P\u00ebllumbi nuk \u00ebsht\u00eb nj\u00eb em\u00ebr i panjohur p\u00ebr Saimir Tahirin, pasi ky i fundit e ka denoncuar n\u00eb vitin 2014 [&hellip;]<\/p>\n","protected":false},"author":2031,"featured_media":235065,"comment_status":"closed","ping_status":"closed","sticky":false,"template":"","format":"standard","meta":{"footnotes":""},"categories":[241,231,235],"tags":[],"class_list":{"0":"post-235064","1":"post","2":"type-post","3":"status-publish","4":"format-standard","5":"has-post-thumbnail","7":"category-aktualitet","8":"category-lajme","9":"category-vendi"},"_links":{"self":[{"href":"https:\/\/zjarr.tv\/en\/wp-json\/wp\/v2\/posts\/235064","targetHints":{"allow":["GET"]}}],"collection":[{"href":"https:\/\/zjarr.tv\/en\/wp-json\/wp\/v2\/posts"}],"about":[{"href":"https:\/\/zjarr.tv\/en\/wp-json\/wp\/v2\/types\/post"}],"author":[{"embeddable":true,"href":"https:\/\/zjarr.tv\/en\/wp-json\/wp\/v2\/users\/2031"}],"replies":[{"embeddable":true,"href":"https:\/\/zjarr.tv\/en\/wp-json\/wp\/v2\/comments?post=235064"}],"version-history":[{"count":0,"href":"https:\/\/zjarr.tv\/en\/wp-json\/wp\/v2\/posts\/235064\/revisions"}],"wp:featuredmedia":[{"embeddable":true,"href":"https:\/\/zjarr.tv\/en\/wp-json\/wp\/v2\/media\/235065"}],"wp:attachment":[{"href":"https:\/\/zjarr.tv\/en\/wp-json\/wp\/v2\/media?parent=235064"}],"wp:term":[{"taxonomy":"category","embeddable":true,"href":"https:\/\/zjarr.tv\/en\/wp-json\/wp\/v2\/categories?post=235064"},{"taxonomy":"post_tag","embeddable":true,"href":"https:\/\/zjarr.tv\/en\/wp-json\/wp\/v2\/tags?post=235064"}],"curies":[{"name":"wp","href":"https:\/\/api.w.org\/{rel}","templated":true}]}}