{"id":235083,"date":"2022-02-06T10:17:04","date_gmt":"2022-02-06T09:17:04","guid":{"rendered":"https:\/\/zjarr.tv\/?p=235083"},"modified":"2022-02-06T10:17:04","modified_gmt":"2022-02-06T09:17:04","slug":"se-pret-dot-daten-14-berisha-nis-sot-fushaten-takim-elektoral-ne-sukth","status":"publish","type":"post","link":"https:\/\/zjarr.tv\/en\/se-pret-dot-daten-14-berisha-nis-sot-fushaten-takim-elektoral-ne-sukth\/","title":{"rendered":"S\u2019e pret dot dat\u00ebn 14! Berisha nis sot fushat\u00ebn, takim elektoral n\u00eb Sukth"},"content":{"rendered":"<p>Ish-kryeministri Sali Berisha si duket nuk do t\u00eb pres\u00eb dat\u00ebn 14 shkurt p\u00ebr nisjen e fushat\u00ebs p\u00ebr zgjedhjet e pjesshme vendore t\u00eb 6 marsit.<\/p>\n<p>P\u00ebrmes nj\u00eb postimi n\u00eb \u201cFacebook\u201d, Berisha b\u00ebn me dije se takimi i par\u00eb do t\u00eb zhvillohet n\u00eb Nj\u00ebsin\u00eb Administrative Sukth, paradit\u00ebn e sotme n\u00eb or\u00ebn 11:00.<\/p>\n<p>Gjat\u00eb k\u00ebtij mitingu Berisha do t\u00eb prezantoj\u00eb kandidatin p\u00ebr kryetar bashkie t\u00eb \u201cSht\u00ebpis\u00eb s\u00eb Liris\u00eb\u201d n\u00eb Durr\u00ebs, Ardian Muka.<\/p>\n<p>Postimi i plot\u00eb:<\/p>\n<p>Njoftim!<\/p>\n<p>Sot,me daten 6 shkurt, n\u00eb or\u00ebn 11:00, tek kompleksi \u201cSelimi\u201d n\u00eb Qend\u00ebr Sukth, prezantojme kandidatin e koalicionit opozitar Sht\u00ebpia e Liris\u00eb, Z. Ardian Muka. Ftoj banoret e Sukthit, Katundit te Ri, Manzes, Rrashbullit dhe Ishmit te marrin pjese! sb<\/p>","protected":false},"excerpt":{"rendered":"<p>Ish-kryeministri Sali Berisha si duket nuk do t\u00eb pres\u00eb dat\u00ebn 14 shkurt p\u00ebr nisjen e fushat\u00ebs p\u00ebr zgjedhjet e pjesshme vendore t\u00eb 6 marsit. P\u00ebrmes nj\u00eb postimi n\u00eb \u201cFacebook\u201d, Berisha b\u00ebn me dije se takimi i par\u00eb do t\u00eb zhvillohet n\u00eb Nj\u00ebsin\u00eb Administrative Sukth, paradit\u00ebn e sotme n\u00eb or\u00ebn 11:00. Gjat\u00eb k\u00ebtij mitingu Berisha do [&hellip;]<\/p>\n","protected":false},"author":2031,"featured_media":214322,"comment_status":"closed","ping_status":"closed","sticky":false,"template":"","format":"standard","meta":{"footnotes":""},"categories":[231],"tags":[],"class_list":{"0":"post-235083","1":"post","2":"type-post","3":"status-publish","4":"format-standard","5":"has-post-thumbnail","7":"category-lajme"},"_links":{"self":[{"href":"https:\/\/zjarr.tv\/en\/wp-json\/wp\/v2\/posts\/235083","targetHints":{"allow":["GET"]}}],"collection":[{"href":"https:\/\/zjarr.tv\/en\/wp-json\/wp\/v2\/posts"}],"about":[{"href":"https:\/\/zjarr.tv\/en\/wp-json\/wp\/v2\/types\/post"}],"author":[{"embeddable":true,"href":"https:\/\/zjarr.tv\/en\/wp-json\/wp\/v2\/users\/2031"}],"replies":[{"embeddable":true,"href":"https:\/\/zjarr.tv\/en\/wp-json\/wp\/v2\/comments?post=235083"}],"version-history":[{"count":0,"href":"https:\/\/zjarr.tv\/en\/wp-json\/wp\/v2\/posts\/235083\/revisions"}],"wp:featuredmedia":[{"embeddable":true,"href":"https:\/\/zjarr.tv\/en\/wp-json\/wp\/v2\/media\/214322"}],"wp:attachment":[{"href":"https:\/\/zjarr.tv\/en\/wp-json\/wp\/v2\/media?parent=235083"}],"wp:term":[{"taxonomy":"category","embeddable":true,"href":"https:\/\/zjarr.tv\/en\/wp-json\/wp\/v2\/categories?post=235083"},{"taxonomy":"post_tag","embeddable":true,"href":"https:\/\/zjarr.tv\/en\/wp-json\/wp\/v2\/tags?post=235083"}],"curies":[{"name":"wp","href":"https:\/\/api.w.org\/{rel}","templated":true}]}}