{"id":235095,"date":"2022-02-06T11:35:09","date_gmt":"2022-02-06T10:35:09","guid":{"rendered":"https:\/\/zjarr.tv\/?p=235095"},"modified":"2022-02-06T11:35:09","modified_gmt":"2022-02-06T10:35:09","slug":"meta-nxjerr-bisedat-private-me-ramen-per-saimir-tahirin-i-thashe-nuk-eshte-per-ate-pune","status":"publish","type":"post","link":"https:\/\/zjarr.tv\/en\/meta-nxjerr-bisedat-private-me-ramen-per-saimir-tahirin-i-thashe-nuk-eshte-per-ate-pune\/","title":{"rendered":"Meta nxjerr bisedat private me Ram\u00ebn p\u00ebr Saimir Tahirin: I thash\u00eb nuk \u00ebsht\u00eb p\u00ebr at\u00eb pun\u00eb"},"content":{"rendered":"<p>Presidenti Ilir Meta ka komentuar d\u00ebnimin ish-ministrit Saimir Tahirit. Ai tha se i ka th\u00ebn\u00eb Ram\u00ebs koh\u00eb m\u00eb par\u00eb se ky ishte nj\u00eb zgjidhje e gabuar p\u00ebr minist\u00ebr t\u00eb brendsh\u00ebm<\/p>\n<p>\u201cMendoj se jemi n\u00eb kuad\u00ebr t\u00eb drejt\u00ebsis\u00eb me regji. \u00cbsht\u00eb nj\u00eb film i qart\u00eb, i parashikuar nga un\u00eb prej koh\u00ebs. Duke konstatuar t\u00eb gjith\u00eb kapjen e reform\u00ebs. Q\u00eb nga zgjedhja antikushtutes me 69 vota t\u00eb prokurorit t\u00eb p\u00ebrgjithshme. Nuk \u00ebsht\u00eb koka Saimir Tahiri p\u00ebr kanabizimin. Sigurisht \u00ebsht\u00eb i p\u00ebrfshir\u00eb. Kemi nj\u00eb politizim ekstrem t\u00eb Policis\u00eb s\u00eb Shtetit. Un\u00eb i kam th\u00ebn\u00eb zotit Rama se ky ishte nj\u00eb zgjidhje e gabuar p\u00ebr minist\u00ebr t\u00eb brendsh\u00ebm.<\/p>\n<p>Kur m\u00eb thoshte pse nuk m\u00eb mb\u00ebshtet, i thash\u00eb q\u00eb nuk ke eksperienc\u00ebn dhe pjekurin\u00eb e duhur. Ke nj\u00eb p\u00ebrkushtim partiak m\u00eb shum\u00eb se \u00e7duhet p\u00ebr t\u00eb qen\u00eb Minist\u00ebr i Brendsh\u00ebm. I kam th\u00ebn\u00eb t\u00eb ket\u00eb kujdes. Dit\u00ebn q\u00eb Rama ka dashur ta heq\u00eb, ose i \u00ebsht\u00eb k\u00ebrkuar t\u00eb heq\u00eb. M\u00eb ka ftuar tek Sofra e Ariut, kam plot\u00ebsuar d\u00ebshir\u00ebn t\u00ebnde p\u00ebr heqjen e Saimir Tahirit.<\/p>\n<p>\u00c7far\u00eb the i thash\u00eb. Tani ti do ta heq\u00ebsh dhe ti thuash atij q\u00eb b\u00ebra at\u00eb q\u00eb donte Ilir Meta. Nuk \u00ebsht\u00eb Tahiri arkitekti. Ai \u00ebsht\u00eb nj\u00eb p\u00ebrgjegj\u00ebs pa asnj\u00eb diskutim, por kryep\u00ebrgjegj\u00ebsi po e p\u00ebrdor k\u00ebt\u00eb p\u00ebr t\u00eb fshehur p\u00ebrgjegj\u00ebsit\u00eb e veta\u201d, tha Meta.<\/p>","protected":false},"excerpt":{"rendered":"<p>Presidenti Ilir Meta ka komentuar d\u00ebnimin ish-ministrit Saimir Tahirit. Ai tha se i ka th\u00ebn\u00eb Ram\u00ebs koh\u00eb m\u00eb par\u00eb se ky ishte nj\u00eb zgjidhje e gabuar p\u00ebr minist\u00ebr t\u00eb brendsh\u00ebm \u201cMendoj se jemi n\u00eb kuad\u00ebr t\u00eb drejt\u00ebsis\u00eb me regji. \u00cbsht\u00eb nj\u00eb film i qart\u00eb, i parashikuar nga un\u00eb prej koh\u00ebs. Duke konstatuar t\u00eb gjith\u00eb kapjen [&hellip;]<\/p>\n","protected":false},"author":2020,"featured_media":235098,"comment_status":"closed","ping_status":"closed","sticky":false,"template":"","format":"standard","meta":{"footnotes":""},"categories":[241,5380,231],"tags":[],"class_list":{"0":"post-235095","1":"post","2":"type-post","3":"status-publish","4":"format-standard","5":"has-post-thumbnail","7":"category-aktualitet","8":"category-kryesore","9":"category-lajme"},"_links":{"self":[{"href":"https:\/\/zjarr.tv\/en\/wp-json\/wp\/v2\/posts\/235095","targetHints":{"allow":["GET"]}}],"collection":[{"href":"https:\/\/zjarr.tv\/en\/wp-json\/wp\/v2\/posts"}],"about":[{"href":"https:\/\/zjarr.tv\/en\/wp-json\/wp\/v2\/types\/post"}],"author":[{"embeddable":true,"href":"https:\/\/zjarr.tv\/en\/wp-json\/wp\/v2\/users\/2020"}],"replies":[{"embeddable":true,"href":"https:\/\/zjarr.tv\/en\/wp-json\/wp\/v2\/comments?post=235095"}],"version-history":[{"count":0,"href":"https:\/\/zjarr.tv\/en\/wp-json\/wp\/v2\/posts\/235095\/revisions"}],"wp:featuredmedia":[{"embeddable":true,"href":"https:\/\/zjarr.tv\/en\/wp-json\/wp\/v2\/media\/235098"}],"wp:attachment":[{"href":"https:\/\/zjarr.tv\/en\/wp-json\/wp\/v2\/media?parent=235095"}],"wp:term":[{"taxonomy":"category","embeddable":true,"href":"https:\/\/zjarr.tv\/en\/wp-json\/wp\/v2\/categories?post=235095"},{"taxonomy":"post_tag","embeddable":true,"href":"https:\/\/zjarr.tv\/en\/wp-json\/wp\/v2\/tags?post=235095"}],"curies":[{"name":"wp","href":"https:\/\/api.w.org\/{rel}","templated":true}]}}