{"id":235125,"date":"2022-02-06T13:05:18","date_gmt":"2022-02-06T12:05:18","guid":{"rendered":"https:\/\/zjarr.tv\/?p=235125"},"modified":"2022-02-06T13:05:18","modified_gmt":"2022-02-06T12:05:18","slug":"ne-2-mars-nuk-do-kete-zgjedhje-veliaj-sterhiqem-nga-beteja-me-fshf-do-ishte-ne-pjekurine-dhe-burrerine-e-armando-dukes-te-ikte-vete","status":"publish","type":"post","link":"https:\/\/zjarr.tv\/en\/ne-2-mars-nuk-do-kete-zgjedhje-veliaj-sterhiqem-nga-beteja-me-fshf-do-ishte-ne-pjekurine-dhe-burrerine-e-armando-dukes-te-ikte-vete\/","title":{"rendered":"\u201cN\u00eb 2 mars nuk do ket\u00eb zgjedhje\u201d\/ Veliaj: S\u2019t\u00ebrhiqem nga beteja me FSHF! Do ishte n\u00eb pjekurin\u00eb dhe burr\u00ebrin\u00eb e Armando Duk\u00ebs t\u00eb ikte vet\u00eb"},"content":{"rendered":"<p>Kryebashkiaku i Tiran\u00ebs, Erion Veliaj shprehet i vendosur se nuk do t\u00eb t\u00ebrhiqet nga beteja me Federat\u00ebn Shqiptare t\u00eb Futbollit. N\u00eb nj\u00eb intervist\u00eb p\u00ebr News24, ai ka ftuar Presidentin e FSHF-s\u00eb, Armand Duk\u00ebn q\u00eb t\u00eb largohej vet\u00eb nga gara e p\u00ebr t\u2019i hapur rrug\u00ebn t\u00eb tjer\u00ebve.<\/p>\n<p>\u201cDo t\u00eb ishte n\u00eb pjekurin\u00eb dhe burr\u00ebrin\u00eb e Armando Duk\u00ebs, n\u00ebse ka ende, q\u00eb t\u00eb t\u00ebrhiqet vet\u00eb nga gara dhe t\u00eb thot\u00eb se pa u sqaruar \u00e7\u00ebshtja e transparenc\u00ebs s\u00eb procesit, nuk mund t\u00eb shkohet n\u00eb zgjedhje. Si mund t\u00eb ket\u00eb nj\u00eb ishull, si FSHF, q\u00eb nuk e kontrollon askush? K\u00ebtu mund\u00ebsit\u00eb jan\u00eb dy: ose sillet si njeri i pjekur, i rritur, i men\u00e7ur dhe i matur dhe thot\u00eb \u2018un\u00eb e kam \u00e7uar FSHF n\u00eb zgrip dhe praktikisht po p\u00ebrdor si shantazh nj\u00eb ndeshje futbolli n\u00eb Tiran\u00eb, q\u00eb t\u00eb zgjidhem me padrejt\u00ebsi\u2019 dhe largohet vet\u00eb, ose shteti i s\u00eb drejt\u00ebs do t\u00eb duhet t\u00eb reagoj\u00eb dhe t\u2019i thot\u00eb \u2013 \u2018m\u00eb fal, k\u00ebtu ndodhi nj\u00eb faull dhe p\u00ebr k\u00ebt\u00eb faull ka karton t\u00eb kuq\u201d, u shpreh Veliaj. Sipas Veliajt, nuk do t\u00eb ket\u00eb zgjedhje p\u00ebr kreun e FSHF n\u00eb 2 Mars:<\/p>\n<p>\u201cE shoh shum\u00eb t\u00eb pamundur q\u00eb t\u00eb ket\u00eb zgjedhje n\u00eb 2 mars, sidomos pasi Ceferin tha, \u2018fillimisht do t\u00eb sjell nj\u00eb mision p\u00ebr t\u00eb par\u00eb t\u00eb gjith\u00eb parregullsit\u00eb\u2019. K\u00ebshtu q\u00eb, nuk ka pse t\u00eb nxitoj\u00eb askush t\u00eb b\u00ebj\u00eb zgjedhje, kur n\u00eb fakt u arrit nj\u00eb marr\u00ebveshje q\u00eb ne t\u00eb kalojm\u00eb fillimisht pak koh\u00eb p\u00ebr t\u00eb par\u00eb parregullsit\u00eb dhe t\u2019i rikthehemi nj\u00eb procesi ligjor vet\u00ebm pasi ato t\u00eb jen\u00eb sqaruar. Imagjinoni sikur n\u00eb 6 mars, n\u00eb Vor\u00eb edhe n\u00eb Rrogozhin\u00eb qytetar\u00ebt t\u00eb shkojn\u00eb dhe t\u2019i gjejn\u00eb kutit\u00eb gjysm\u00eb plot! Q\u00eb aty do thon\u00eb: \u2018\u00cbsht\u00eb shitur ndeshja. P\u00ebr \u00e7far\u00eb do t\u00eb shkojm\u00eb t\u00eb votojm\u00eb?\u2019\u201d<\/p>\n<p>Veliaj ka deklaruar se Bashkia e Tiran\u00ebs po p\u00ebrgatitet m\u00eb s\u00eb miri p\u00ebr t\u00eb pritur finalen e Conference League dhe \u00ebsht\u00eb n\u00eb kontakt me UEFA-n. \u201cP\u00ebr finalen duhen 100 autobus\u00eb \u2013 sepse b\u00ebhet fjal\u00eb p\u00ebr nj\u00eb superaksion 48 or\u00ebsh \u2013 duhen tabelat orientuese, reklamat e qytetit, korsit\u00eb e dedikuara, parkingjet dhe 2-3 sheshe p\u00ebr tifoz\u00ebt e secil\u00ebs skuader. Bashkia e Tiran\u00ebs \u00ebsht\u00eb 10 me yll n\u00eb marr\u00ebdh\u00ebniet me UEFA-n,\u201d u shpreh ai. Gjithashtu kryebashkiaku Veliaj ka folur p\u00ebr protestat e banor\u00ebve t\u00eb \u201c5 Majit\u201d, duke u shprehur se \u00ebsht\u00eb i qart\u00eb se kush proteston, njer\u00ebz q\u00eb njihen si objekte t\u00eb OFL-s\u00eb, pasi dyshohet se merren me pastrim t\u00eb parave t\u00eb krimit t\u00eb organizuar.<\/p>\n<p>\u201cUn\u00eb i shoh edhe mediat, intervistohej njeri q\u00eb shpjegonte si do vriste Lali Erin. Asnje nga mediat nuk e pyeti: O shok, m\u00eb fal, po ti ke ndertuar n\u00eb lum, po ti je i OFL mor shok, po ti ke 5 milion\u00eb euro asete t\u00eb konfiskuara! Ti paske hallin e qiras\u00eb?! Po ti ke 18 makina more, kush i ka nga ne 18 range-rover? Pra, k\u00ebta \u00e7far\u00eb b\u00ebnin? Merrnin lek\u00ebt e drog\u00ebs, me lek\u00ebt e drog\u00ebs i punonin, duke i dh\u00ebn\u00eb me fajde, dhe po t\u00eb mos i jepnin me fajde, t\u00eb vinte \u2018Range\u2019 q\u00eb nd\u00ebrronte targat p\u00ebrdit\u00eb dhe k\u00ebta i kapi OFL. Nd\u00ebrkoh\u00eb, ai fliste n\u00eb TV, \u00e7far\u00eb do i b\u00ebnte lali Erit, po sigurisht kush leh, nuk kafshon. Ata jan\u00eb nj\u00eb nivel q\u00eb ngat\u00ebrron krimin me politik\u00ebn. Ata Jane personazhe q\u00eb drejtojne protest\u00ebn, bashk\u00eb me shefat e tyre politik\u00eb. Por tani ftesa ime \u00ebsht\u00eb: Mendoni brav\u00ebn tuaj, mos mendoni brav\u00ebn e partis\u00eb!\u201d<\/p>","protected":false},"excerpt":{"rendered":"<p>Kryebashkiaku i Tiran\u00ebs, Erion Veliaj shprehet i vendosur se nuk do t\u00eb t\u00ebrhiqet nga beteja me Federat\u00ebn Shqiptare t\u00eb Futbollit. N\u00eb nj\u00eb intervist\u00eb p\u00ebr News24, ai ka ftuar Presidentin e FSHF-s\u00eb, Armand Duk\u00ebn q\u00eb t\u00eb largohej vet\u00eb nga gara e p\u00ebr t\u2019i hapur rrug\u00ebn t\u00eb tjer\u00ebve. \u201cDo t\u00eb ishte n\u00eb pjekurin\u00eb dhe burr\u00ebrin\u00eb e Armando [&hellip;]<\/p>\n","protected":false},"author":2020,"featured_media":235126,"comment_status":"closed","ping_status":"closed","sticky":false,"template":"","format":"standard","meta":{"footnotes":""},"categories":[241,5380,231],"tags":[],"class_list":{"0":"post-235125","1":"post","2":"type-post","3":"status-publish","4":"format-standard","5":"has-post-thumbnail","7":"category-aktualitet","8":"category-kryesore","9":"category-lajme"},"_links":{"self":[{"href":"https:\/\/zjarr.tv\/en\/wp-json\/wp\/v2\/posts\/235125","targetHints":{"allow":["GET"]}}],"collection":[{"href":"https:\/\/zjarr.tv\/en\/wp-json\/wp\/v2\/posts"}],"about":[{"href":"https:\/\/zjarr.tv\/en\/wp-json\/wp\/v2\/types\/post"}],"author":[{"embeddable":true,"href":"https:\/\/zjarr.tv\/en\/wp-json\/wp\/v2\/users\/2020"}],"replies":[{"embeddable":true,"href":"https:\/\/zjarr.tv\/en\/wp-json\/wp\/v2\/comments?post=235125"}],"version-history":[{"count":0,"href":"https:\/\/zjarr.tv\/en\/wp-json\/wp\/v2\/posts\/235125\/revisions"}],"wp:featuredmedia":[{"embeddable":true,"href":"https:\/\/zjarr.tv\/en\/wp-json\/wp\/v2\/media\/235126"}],"wp:attachment":[{"href":"https:\/\/zjarr.tv\/en\/wp-json\/wp\/v2\/media?parent=235125"}],"wp:term":[{"taxonomy":"category","embeddable":true,"href":"https:\/\/zjarr.tv\/en\/wp-json\/wp\/v2\/categories?post=235125"},{"taxonomy":"post_tag","embeddable":true,"href":"https:\/\/zjarr.tv\/en\/wp-json\/wp\/v2\/tags?post=235125"}],"curies":[{"name":"wp","href":"https:\/\/api.w.org\/{rel}","templated":true}]}}