{"id":235475,"date":"2022-02-07T20:43:24","date_gmt":"2022-02-07T19:43:24","guid":{"rendered":"https:\/\/zjarr.tv\/?p=235475"},"modified":"2022-02-07T20:43:24","modified_gmt":"2022-02-07T19:43:24","slug":"do-ta-lini-zyren-nese-shkarkoheni-meta-shkrihet-se-qeshuri-ishte-pyetje-e-mrekullueshme-presidenti-ka-mbrojtje-te-vecante-nga-kushtetuta","status":"publish","type":"post","link":"https:\/\/zjarr.tv\/en\/do-ta-lini-zyren-nese-shkarkoheni-meta-shkrihet-se-qeshuri-ishte-pyetje-e-mrekullueshme-presidenti-ka-mbrojtje-te-vecante-nga-kushtetuta\/","title":{"rendered":"Do ta lini zyr\u00ebn n\u00ebse shkarkoheni? Meta \u201cshkrihet\u201d s\u00eb qeshuri: Ishte pyetje e mrekullueshme! Presidenti ka mbrojtje t\u00eb ve\u00e7ant\u00eb nga Kushtetuta"},"content":{"rendered":"<p>I pyetur n\u00ebse do ta lironte zyr\u00ebn e Presidentit n\u00ebse shkarkohet nga Gjykata Kushtetuese, Presidenti Ilir Meta ka qeshur me t\u00eb madhe, duke e cil\u00ebsuar pyetjen t\u00eb jasht\u00ebzakonshme.<\/p>\n<p>Ai u shpreh se Presidenti ka mbrojtje t\u00eb ve\u00e7ant\u00eb nga Kushtetuta dhe duhet m\u00eb shum\u00eb se 2\/3 e an\u00ebtar\u00ebve t\u00eb \u201cKushtetueses\u201d p\u00ebr ta shkarkuar.<\/p>\n<p>N\u00ebse shkarkoheni, a do ta lini zyr\u00ebn?<\/p>\n<p>Kjo ishte pyetje e mrekullueshme, ishte pyetje e jasht\u00ebzakonshme. Ky institucion ka qen\u00eb gjithmon\u00eb n\u00eb sh\u00ebrbim t\u00eb popullit t\u00eb Shqip\u00ebris\u00eb. Presidenti ka nj\u00eb mbrojtjte t\u00eb ve\u00e7ant\u00eb nga Kushtetuta e Shqip\u00ebris\u00eb, pasi \u00ebsht\u00eb garanti i t\u00eb drejtave shtet\u00ebrore dhe prandaj duhen mbi 2\/3 p\u00ebr ta shkarkuar Presidentin.<\/p>\n<p>Kushtetuta e thot\u00eb qart\u00eb se Presidenti vet\u00ebm n\u00ebse shkel r\u00ebnd\u00eb Kushtetut\u00ebn apo kryen ndonj\u00eb krim t\u00eb r\u00ebnd\u00eb mund t\u00eb shkarkohet. Ilir Meta nuk ka tradhtuar interesat e Atdheut. N\u00eb Gjykat\u00ebn Kushtetuese do t\u00eb shkojn\u00eb \u00e7\u00ebshtje m\u00eb t\u00eb r\u00ebnd\u00ebsishme.<\/p>","protected":false},"excerpt":{"rendered":"<p>I pyetur n\u00ebse do ta lironte zyr\u00ebn e Presidentit n\u00ebse shkarkohet nga Gjykata Kushtetuese, Presidenti Ilir Meta ka qeshur me t\u00eb madhe, duke e cil\u00ebsuar pyetjen t\u00eb jasht\u00ebzakonshme. Ai u shpreh se Presidenti ka mbrojtje t\u00eb ve\u00e7ant\u00eb nga Kushtetuta dhe duhet m\u00eb shum\u00eb se 2\/3 e an\u00ebtar\u00ebve t\u00eb \u201cKushtetueses\u201d p\u00ebr ta shkarkuar. N\u00ebse shkarkoheni, a [&hellip;]<\/p>\n","protected":false},"author":2031,"featured_media":235478,"comment_status":"closed","ping_status":"closed","sticky":false,"template":"","format":"standard","meta":{"footnotes":""},"categories":[231],"tags":[],"class_list":{"0":"post-235475","1":"post","2":"type-post","3":"status-publish","4":"format-standard","5":"has-post-thumbnail","7":"category-lajme"},"_links":{"self":[{"href":"https:\/\/zjarr.tv\/en\/wp-json\/wp\/v2\/posts\/235475","targetHints":{"allow":["GET"]}}],"collection":[{"href":"https:\/\/zjarr.tv\/en\/wp-json\/wp\/v2\/posts"}],"about":[{"href":"https:\/\/zjarr.tv\/en\/wp-json\/wp\/v2\/types\/post"}],"author":[{"embeddable":true,"href":"https:\/\/zjarr.tv\/en\/wp-json\/wp\/v2\/users\/2031"}],"replies":[{"embeddable":true,"href":"https:\/\/zjarr.tv\/en\/wp-json\/wp\/v2\/comments?post=235475"}],"version-history":[{"count":0,"href":"https:\/\/zjarr.tv\/en\/wp-json\/wp\/v2\/posts\/235475\/revisions"}],"wp:featuredmedia":[{"embeddable":true,"href":"https:\/\/zjarr.tv\/en\/wp-json\/wp\/v2\/media\/235478"}],"wp:attachment":[{"href":"https:\/\/zjarr.tv\/en\/wp-json\/wp\/v2\/media?parent=235475"}],"wp:term":[{"taxonomy":"category","embeddable":true,"href":"https:\/\/zjarr.tv\/en\/wp-json\/wp\/v2\/categories?post=235475"},{"taxonomy":"post_tag","embeddable":true,"href":"https:\/\/zjarr.tv\/en\/wp-json\/wp\/v2\/tags?post=235475"}],"curies":[{"name":"wp","href":"https:\/\/api.w.org\/{rel}","templated":true}]}}