{"id":235482,"date":"2022-02-07T21:56:16","date_gmt":"2022-02-07T20:56:16","guid":{"rendered":"https:\/\/zjarr.tv\/?p=235482"},"modified":"2022-02-07T21:56:16","modified_gmt":"2022-02-07T20:56:16","slug":"mos-i-sherbe-fashizmit-meta-ben-deklaraten-e-forte-dhe-ngre-tonet-me-gazetaren-kam-parandaluar-nje-gjakderdhje-shume-te-madhe","status":"publish","type":"post","link":"https:\/\/zjarr.tv\/en\/mos-i-sherbe-fashizmit-meta-ben-deklaraten-e-forte-dhe-ngre-tonet-me-gazetaren-kam-parandaluar-nje-gjakderdhje-shume-te-madhe\/","title":{"rendered":"\u201cMos i sh\u00ebrbe fashizmit\u201d, Meta b\u00ebn deklarat\u00ebn e fort\u00eb dhe ngre tonet me gazetaren: Kam parandaluar nj\u00eb gjakderdhje shum\u00eb t\u00eb madhe!"},"content":{"rendered":"<p>Presidenti Ilir Meta ka b\u00ebr\u00eb nj\u00eb deklarat\u00eb t\u00eb fort\u00eb mbr\u00ebmjen e sotme, pasi u shpreh se ka parandaluar nj\u00eb gjakderdhje shum\u00eb t\u00eb madhe n\u00eb Shqip\u00ebri, por p\u00ebr k\u00ebt\u00eb \u00e7\u00ebshtje do t\u00eb flas\u00eb kur t\u2019i mbaroj\u00eb mandati i Presidentit.<\/p>\n<p>\u201cKam parandaluar nj\u00eb gjakderdhje shum\u00eb t\u00eb madhe n\u00eb Shqip\u00ebri. P\u00ebr k\u00ebt\u00eb do flas pasi t\u00eb m\u00eb mbaroj\u00eb mandati i Presidentit. Nuk e kam shkelur un\u00eb marr\u00ebveshjene  5 Qershorit\u201d, tha Meta.<\/p>\n<p>Gjat\u00eb debatit n\u00eb studion e Syri Tv me gazetar\u00ebt, Meta ka ngritur tonet me gazetaren Ambrozia Meta, pasi kjo e fundit e kund\u00ebrshtoi disa her\u00eb. Ai i k\u00ebrkoi gazetares t\u00eb mos mbroj\u00eb fashizmin.<\/p>\n<p>\u201cMos i sh\u00ebrbeni m\u00eb fashizmit! Mos i sh\u00ebrbeni m\u00eb fashizmit! U b\u00ebj thirrje t\u00eb gjith\u00eb gazetar\u00ebve kudo ku jan\u00eb\u201d, tha Meta me tone t\u00eb larta.<\/p>","protected":false},"excerpt":{"rendered":"<p>Presidenti Ilir Meta ka b\u00ebr\u00eb nj\u00eb deklarat\u00eb t\u00eb fort\u00eb mbr\u00ebmjen e sotme, pasi u shpreh se ka parandaluar nj\u00eb gjakderdhje shum\u00eb t\u00eb madhe n\u00eb Shqip\u00ebri, por p\u00ebr k\u00ebt\u00eb \u00e7\u00ebshtje do t\u00eb flas\u00eb kur t\u2019i mbaroj\u00eb mandati i Presidentit. \u201cKam parandaluar nj\u00eb gjakderdhje shum\u00eb t\u00eb madhe n\u00eb Shqip\u00ebri. P\u00ebr k\u00ebt\u00eb do flas pasi t\u00eb m\u00eb mbaroj\u00eb [&hellip;]<\/p>\n","protected":false},"author":2031,"featured_media":235483,"comment_status":"closed","ping_status":"closed","sticky":false,"template":"","format":"standard","meta":{"footnotes":""},"categories":[231],"tags":[],"class_list":{"0":"post-235482","1":"post","2":"type-post","3":"status-publish","4":"format-standard","5":"has-post-thumbnail","7":"category-lajme"},"_links":{"self":[{"href":"https:\/\/zjarr.tv\/en\/wp-json\/wp\/v2\/posts\/235482","targetHints":{"allow":["GET"]}}],"collection":[{"href":"https:\/\/zjarr.tv\/en\/wp-json\/wp\/v2\/posts"}],"about":[{"href":"https:\/\/zjarr.tv\/en\/wp-json\/wp\/v2\/types\/post"}],"author":[{"embeddable":true,"href":"https:\/\/zjarr.tv\/en\/wp-json\/wp\/v2\/users\/2031"}],"replies":[{"embeddable":true,"href":"https:\/\/zjarr.tv\/en\/wp-json\/wp\/v2\/comments?post=235482"}],"version-history":[{"count":0,"href":"https:\/\/zjarr.tv\/en\/wp-json\/wp\/v2\/posts\/235482\/revisions"}],"wp:featuredmedia":[{"embeddable":true,"href":"https:\/\/zjarr.tv\/en\/wp-json\/wp\/v2\/media\/235483"}],"wp:attachment":[{"href":"https:\/\/zjarr.tv\/en\/wp-json\/wp\/v2\/media?parent=235482"}],"wp:term":[{"taxonomy":"category","embeddable":true,"href":"https:\/\/zjarr.tv\/en\/wp-json\/wp\/v2\/categories?post=235482"},{"taxonomy":"post_tag","embeddable":true,"href":"https:\/\/zjarr.tv\/en\/wp-json\/wp\/v2\/tags?post=235482"}],"curies":[{"name":"wp","href":"https:\/\/api.w.org\/{rel}","templated":true}]}}