{"id":235500,"date":"2022-02-08T09:26:53","date_gmt":"2022-02-08T08:26:53","guid":{"rendered":"https:\/\/zjarr.tv\/?p=235500"},"modified":"2022-02-08T09:26:53","modified_gmt":"2022-02-08T08:26:53","slug":"arjan-curri-drejtesia-po-perdoret-per-te-goditur-ata-qe-nuk-do-superfuqia-per-te-nxjerre-nga-loja-politikane-lokale","status":"publish","type":"post","link":"https:\/\/zjarr.tv\/en\/arjan-curri-drejtesia-po-perdoret-per-te-goditur-ata-qe-nuk-do-superfuqia-per-te-nxjerre-nga-loja-politikane-lokale\/","title":{"rendered":"Arjan Curri: Drejt\u00ebsia po p\u00ebrdoret p\u00ebr t\u00eb goditur ata q\u00eb nuk do superfuqia, p\u00ebr t\u00eb nxjerr\u00eb nga loja politikan\u00eb lokal\u00eb"},"content":{"rendered":"<p>Curri tha se n\u00eb rastin e Tahirit drejt\u00ebsia ka d\u00ebshtuar, me nj\u00eb proces 5 vje\u00e7ar p\u00ebr t\u00eb d\u00ebnuar nj\u00eb njeri me akuz\u00ebn e shp\u00ebrdorimit t\u00eb detyr\u00ebs.<\/p>\n<p>Ai tha se drejt\u00ebsia po p\u00ebrdoret p\u00ebr t\u00eb goditur dhe nxjerr\u00eb nga skena politike njer\u00ebz q\u00eb nuk i do \u201csuperfuqia\u201d, pra SHBA-t\u00eb, gj\u00eb q\u00eb ka ndodhur edhe n\u00eb rajon dhe vende t\u00eb tjera.<\/p>\n<p>\u201cM\u00eb shqet\u00ebson fakti, a mos \u00ebsht\u00eb krijuar nj\u00eb republik\u00eb gjyq\u00ebsore dhe a mos \u00ebsht\u00eb instaluar nj\u00eb sistem drejt\u00ebsie i kontrolluar dhe i gatsh\u00ebm p\u00ebr t\u2019u p\u00ebrdorur, p\u00ebr t\u00eb goditur njer\u00ebz sa her\u00eb q\u00eb nj\u00eb mazhoranc\u00eb ose nje superfuqi, e ka t\u00eb nevojshme ta b\u00ebj\u00eb nj\u00eb gj\u00eb t\u00eb till\u00eb.<\/p>\n<p>Nuk \u00ebsht\u00eb b\u00ebr\u00eb p\u00ebr her\u00eb t\u00eb par\u00eb n\u00eb Shqip\u00ebri. Dihet q\u00eb SHBA-t\u00eb, n\u00eb Itali, n\u00eb Kroaci, n\u00eb Maqedoni, Rumani, e p\u00ebrdorin sistemin e drejt\u00ebsis\u00eb jo p\u00ebr t\u00eb v\u00ebn\u00eb drejt\u00ebsi, por p\u00ebr t\u00eb goditur politikisht. E vetmja m\u00ebnyr\u00eb q\u00eb politikan\u00eb shum\u00eb t\u00eb fuqish\u00ebm lokal\u00eb, mund ti nxjerr\u00ebsh nga loja \u00ebsht\u00eb me nj\u00eb vendim gjyqi, qoft\u00eb edhe p\u00ebr nj\u00eb kostum t\u00eb presupozuar q\u00eb \u00ebsht\u00eb marr\u00eb.<\/p>\n<p>Kjo m\u00eb shqet\u00ebson dhe kjo m\u00eb b\u00ebn t\u00eb ngre k\u00ebt\u00eb pyetje. T\u00eb pakt\u00ebn ne si gazetar\u00eb t\u2019ua themi njer\u00ebzve gj\u00ebrat, q\u00eb duan t\u00eb besojn\u00eb nj\u00eb t\u00eb v\u00ebrtet\u00eb dhe q\u00eb duhet n\u00eb plan t\u00eb par\u00eb, q\u00eb b\u00ebrtitet me t\u00eb madhe reforma n\u00eb drejt\u00ebsi, apo kjo drejt\u00ebsi e re p\u00ebrdoret si \u00e7ekan mbi kok\u00eb, p\u00ebr t\u00eb goditur njer\u00ebz q\u00eb nuk b\u00ebjn\u00eb ato q\u00eb u themi ne?<\/p>\n<p>Gruevski n\u00eb Maqedoni donin ta burgosnin p\u00ebr nj\u00eb benz blindato.<\/p>","protected":false},"excerpt":{"rendered":"<p>Curri tha se n\u00eb rastin e Tahirit drejt\u00ebsia ka d\u00ebshtuar, me nj\u00eb proces 5 vje\u00e7ar p\u00ebr t\u00eb d\u00ebnuar nj\u00eb njeri me akuz\u00ebn e shp\u00ebrdorimit t\u00eb detyr\u00ebs. Ai tha se drejt\u00ebsia po p\u00ebrdoret p\u00ebr t\u00eb goditur dhe nxjerr\u00eb nga skena politike njer\u00ebz q\u00eb nuk i do \u201csuperfuqia\u201d, pra SHBA-t\u00eb, gj\u00eb q\u00eb ka ndodhur edhe n\u00eb rajon [&hellip;]<\/p>\n","protected":false},"author":2031,"featured_media":235501,"comment_status":"closed","ping_status":"closed","sticky":false,"template":"","format":"standard","meta":{"footnotes":""},"categories":[231],"tags":[],"class_list":{"0":"post-235500","1":"post","2":"type-post","3":"status-publish","4":"format-standard","5":"has-post-thumbnail","7":"category-lajme"},"_links":{"self":[{"href":"https:\/\/zjarr.tv\/en\/wp-json\/wp\/v2\/posts\/235500","targetHints":{"allow":["GET"]}}],"collection":[{"href":"https:\/\/zjarr.tv\/en\/wp-json\/wp\/v2\/posts"}],"about":[{"href":"https:\/\/zjarr.tv\/en\/wp-json\/wp\/v2\/types\/post"}],"author":[{"embeddable":true,"href":"https:\/\/zjarr.tv\/en\/wp-json\/wp\/v2\/users\/2031"}],"replies":[{"embeddable":true,"href":"https:\/\/zjarr.tv\/en\/wp-json\/wp\/v2\/comments?post=235500"}],"version-history":[{"count":0,"href":"https:\/\/zjarr.tv\/en\/wp-json\/wp\/v2\/posts\/235500\/revisions"}],"wp:featuredmedia":[{"embeddable":true,"href":"https:\/\/zjarr.tv\/en\/wp-json\/wp\/v2\/media\/235501"}],"wp:attachment":[{"href":"https:\/\/zjarr.tv\/en\/wp-json\/wp\/v2\/media?parent=235500"}],"wp:term":[{"taxonomy":"category","embeddable":true,"href":"https:\/\/zjarr.tv\/en\/wp-json\/wp\/v2\/categories?post=235500"},{"taxonomy":"post_tag","embeddable":true,"href":"https:\/\/zjarr.tv\/en\/wp-json\/wp\/v2\/tags?post=235500"}],"curies":[{"name":"wp","href":"https:\/\/api.w.org\/{rel}","templated":true}]}}