{"id":235515,"date":"2022-02-08T10:23:31","date_gmt":"2022-02-08T09:23:31","guid":{"rendered":"https:\/\/zjarr.tv\/?p=235515"},"modified":"2022-02-08T10:23:31","modified_gmt":"2022-02-08T09:23:31","slug":"gjokutaj-per-meten-i-kerkuan-shkarkimin-sepse-kendoi-himnin-kombetar-por-i-kapi-me-presh-ne-duar","status":"publish","type":"post","link":"https:\/\/zjarr.tv\/en\/gjokutaj-per-meten-i-kerkuan-shkarkimin-sepse-kendoi-himnin-kombetar-por-i-kapi-me-presh-ne-duar\/","title":{"rendered":"Gjokutaj p\u00ebr Met\u00ebn: I k\u00ebrkuan shkarkimin sepse k\u00ebndoi himnin komb\u00ebtar, por i kapi me presh n\u00eb duar"},"content":{"rendered":"<p>Postimi i Genc Gjokutaj:<\/p>\n<p>I kerkuan doreheqjen! U kendoi Himnin Kombetar! Prej lufte ve\u00e7 ai largohet, qe eshte lindur tradhetor\u2026\u2026!<\/p>\n<p>I nisen shkarkimin, i kapi me presh ne dore duke ja falsifikuar letrat!<\/p>\n<p>Mu kujtua lufta e ftohte dhe te burgosurit e ndergjegjes!<\/p>\n<p>Ben shume ftohte kete mengjes! Madje fryn dhe ere e forte! Por dielli shkelqen ne kupe te qiellit!<\/p>\n<p>Jo jo thashe i bindur! Ne Shqiperi nuk duhet te kete kurre te shkarkuar te ndergjegjes!<\/p>","protected":false},"excerpt":{"rendered":"<p>Postimi i Genc Gjokutaj: I kerkuan doreheqjen! U kendoi Himnin Kombetar! Prej lufte ve\u00e7 ai largohet, qe eshte lindur tradhetor\u2026\u2026! I nisen shkarkimin, i kapi me presh ne dore duke ja falsifikuar letrat! Mu kujtua lufta e ftohte dhe te burgosurit e ndergjegjes! Ben shume ftohte kete mengjes! Madje fryn dhe ere e forte! Por [&hellip;]<\/p>\n","protected":false},"author":2031,"featured_media":235516,"comment_status":"closed","ping_status":"closed","sticky":false,"template":"","format":"standard","meta":{"footnotes":""},"categories":[231],"tags":[],"class_list":{"0":"post-235515","1":"post","2":"type-post","3":"status-publish","4":"format-standard","5":"has-post-thumbnail","7":"category-lajme"},"_links":{"self":[{"href":"https:\/\/zjarr.tv\/en\/wp-json\/wp\/v2\/posts\/235515","targetHints":{"allow":["GET"]}}],"collection":[{"href":"https:\/\/zjarr.tv\/en\/wp-json\/wp\/v2\/posts"}],"about":[{"href":"https:\/\/zjarr.tv\/en\/wp-json\/wp\/v2\/types\/post"}],"author":[{"embeddable":true,"href":"https:\/\/zjarr.tv\/en\/wp-json\/wp\/v2\/users\/2031"}],"replies":[{"embeddable":true,"href":"https:\/\/zjarr.tv\/en\/wp-json\/wp\/v2\/comments?post=235515"}],"version-history":[{"count":0,"href":"https:\/\/zjarr.tv\/en\/wp-json\/wp\/v2\/posts\/235515\/revisions"}],"wp:featuredmedia":[{"embeddable":true,"href":"https:\/\/zjarr.tv\/en\/wp-json\/wp\/v2\/media\/235516"}],"wp:attachment":[{"href":"https:\/\/zjarr.tv\/en\/wp-json\/wp\/v2\/media?parent=235515"}],"wp:term":[{"taxonomy":"category","embeddable":true,"href":"https:\/\/zjarr.tv\/en\/wp-json\/wp\/v2\/categories?post=235515"},{"taxonomy":"post_tag","embeddable":true,"href":"https:\/\/zjarr.tv\/en\/wp-json\/wp\/v2\/tags?post=235515"}],"curies":[{"name":"wp","href":"https:\/\/api.w.org\/{rel}","templated":true}]}}