{"id":235524,"date":"2022-02-08T13:18:25","date_gmt":"2022-02-08T12:18:25","guid":{"rendered":"https:\/\/zjarr.tv\/?p=235524"},"modified":"2022-02-08T13:18:25","modified_gmt":"2022-02-08T12:18:25","slug":"presidenti-meta-u-pergjigjet-72-pyetjeve-te-gjykates-kushtetuese-jane-paragjykuese-dhe-propagandistike-per-disa-kam-folur-qe-ne-korrik","status":"publish","type":"post","link":"https:\/\/zjarr.tv\/en\/presidenti-meta-u-pergjigjet-72-pyetjeve-te-gjykates-kushtetuese-jane-paragjykuese-dhe-propagandistike-per-disa-kam-folur-qe-ne-korrik\/","title":{"rendered":"Presidenti Meta u p\u00ebrgjigjet 72 pyetjeve t\u00eb Gjykat\u00ebs Kushtetuese: Jan\u00eb paragjykuese dhe propagandistike! P\u00ebr disa kam folur q\u00eb n\u00eb korrik"},"content":{"rendered":"<p>Presidenti Ilir Meta u p\u00ebrgjigjet 72 pyetjeve t\u00eb Gjykat\u00ebs Kushtetuese, n\u00eb lidhje me procesin e shkarkimit t\u00eb tij. Dje u mbajt seanca e fundit dhe tashm\u00eb Gjykata duhet t\u00eb dal\u00eb me nj\u00eb vendim final brenda 30 dit\u00ebve, n\u00ebse Ilir Meta do t\u00eb q\u00ebndroj\u00eb n\u00eb detyr\u00eb apo do t\u00eb shkarkohet.<\/p>\n<p>N\u00eb nj\u00eb parantez\u00eb mbi p\u00ebrgjigjet e tij, Presidenti Meta thot\u00eb se p\u00ebr disa prej pyetjeve ai \u00ebsht\u00eb p\u00ebrgjigjur q\u00eb n\u00eb korrik 2021. Kreu i Shtetit thot\u00eb se \u201cPas shqyrtimit t\u00eb p\u00ebrmbajtjes s\u00eb t\u00eb gjith\u00eb pyetjeve, rezultoi se disa prej tyre n\u00eb dukje p\u00ebrmbajn\u00eb element\u00eb t\u00eb paragjykimit t\u00eb \u00e7\u00ebshtjes dhe mund t\u00eb jen\u00eb t\u00eb ndikuara nga perceptimi propagandistik.\u201d<\/p>\n<p>Meta thot\u00eb se Gjykata Kushtetuese nuk ka qen\u00eb e v\u00ebmendshme p\u00ebr p\u00ebrgjigjet p\u00ebr t\u00eb lexuar q\u00ebndrimet \u201cshteruese dhe shum\u00eb t\u00eb qarta\u201d t\u00eb Presidentit.<\/p>\n<p>\u201cMegjithat\u00eb, n\u00eb respekt t\u00eb transparenc\u00ebs s\u00eb plot\u00eb, si dhe n\u00eb p\u00ebrgjigje t\u00eb k\u00ebrkes\u00ebs s\u00eb trup\u00ebs gjyq\u00ebsore, ju parashtrojm\u00eb p\u00ebrgjigjet si m\u00eb posht\u00eb vijon, duke mbajtur n\u00eb konsiderat\u00eb faktin se shum\u00eb prej pyetjeve jan\u00eb p\u00ebrs\u00ebritje e nj\u00ebra-tjetr\u00ebs\u201d, thuhet nd\u00ebr t\u00eb tjera n\u00eb dokument. M\u00eb posht\u00eb, pyetjet dhe p\u00ebrgjigjet e publikuara nga Presidenca.<\/p>","protected":false},"excerpt":{"rendered":"<p>Presidenti Ilir Meta u p\u00ebrgjigjet 72 pyetjeve t\u00eb Gjykat\u00ebs Kushtetuese, n\u00eb lidhje me procesin e shkarkimit t\u00eb tij. Dje u mbajt seanca e fundit dhe tashm\u00eb Gjykata duhet t\u00eb dal\u00eb me nj\u00eb vendim final brenda 30 dit\u00ebve, n\u00ebse Ilir Meta do t\u00eb q\u00ebndroj\u00eb n\u00eb detyr\u00eb apo do t\u00eb shkarkohet. N\u00eb nj\u00eb parantez\u00eb mbi p\u00ebrgjigjet e [&hellip;]<\/p>\n","protected":false},"author":2031,"featured_media":178448,"comment_status":"closed","ping_status":"closed","sticky":false,"template":"","format":"standard","meta":{"footnotes":""},"categories":[231],"tags":[],"class_list":{"0":"post-235524","1":"post","2":"type-post","3":"status-publish","4":"format-standard","5":"has-post-thumbnail","7":"category-lajme"},"_links":{"self":[{"href":"https:\/\/zjarr.tv\/en\/wp-json\/wp\/v2\/posts\/235524","targetHints":{"allow":["GET"]}}],"collection":[{"href":"https:\/\/zjarr.tv\/en\/wp-json\/wp\/v2\/posts"}],"about":[{"href":"https:\/\/zjarr.tv\/en\/wp-json\/wp\/v2\/types\/post"}],"author":[{"embeddable":true,"href":"https:\/\/zjarr.tv\/en\/wp-json\/wp\/v2\/users\/2031"}],"replies":[{"embeddable":true,"href":"https:\/\/zjarr.tv\/en\/wp-json\/wp\/v2\/comments?post=235524"}],"version-history":[{"count":0,"href":"https:\/\/zjarr.tv\/en\/wp-json\/wp\/v2\/posts\/235524\/revisions"}],"wp:featuredmedia":[{"embeddable":true,"href":"https:\/\/zjarr.tv\/en\/wp-json\/wp\/v2\/media\/178448"}],"wp:attachment":[{"href":"https:\/\/zjarr.tv\/en\/wp-json\/wp\/v2\/media?parent=235524"}],"wp:term":[{"taxonomy":"category","embeddable":true,"href":"https:\/\/zjarr.tv\/en\/wp-json\/wp\/v2\/categories?post=235524"},{"taxonomy":"post_tag","embeddable":true,"href":"https:\/\/zjarr.tv\/en\/wp-json\/wp\/v2\/tags?post=235524"}],"curies":[{"name":"wp","href":"https:\/\/api.w.org\/{rel}","templated":true}]}}